{"id":17712,"date":"2024-12-26T11:00:25","date_gmt":"2024-12-26T14:00:25","guid":{"rendered":"https:\/\/sgvaimudar.com.br\/?p=17712"},"modified":"2024-12-26T11:00:26","modified_gmt":"2024-12-26T14:00:26","slug":"sao-goncalo-inicia-vacinacao-contra-covid-19-com-novo-imunizante","status":"publish","type":"post","link":"https:\/\/sgvaimudar.com.br\/index.php\/2024\/12\/26\/sao-goncalo-inicia-vacinacao-contra-covid-19-com-novo-imunizante\/","title":{"rendered":"S\u00e3o Gon\u00e7alo inicia vacina\u00e7\u00e3o contra covid-19 com novo imunizante"},"content":{"rendered":"\n<p><em>Vacina Zalika est\u00e1 dispon\u00edvel para grupos priorit\u00e1rios\u00a0com mais de 12 anos a partir desta quinta (26\/12)<\/em><\/p>\n\n\n\n<p>A Secretaria de Sa\u00fade da Prefeitura de S\u00e3o Gon\u00e7alo iniciou a vacina\u00e7\u00e3o contra o coronav\u00edrus com a nova vacina Zalika, do fabricante Instituto S\u00e9rum, da \u00cdndia, nesta quinta-feira (26). <\/p>\n\n\n\n<p>O imunizante estar\u00e1 dispon\u00edvel para os gon\u00e7alenses com mais de 12 anos que fazem parte de algum grupo priorit\u00e1rio elencado pelo Minist\u00e9rio da Sa\u00fade. Ao todo, 61 unidades de sa\u00fade aplicar\u00e3o a vacina. A maioria de segunda a sexta, das 8h \u00e0s 17h. Nas cl\u00ednicas municipais Gon\u00e7alense do Mutondo e da Fam\u00edlia Dr. Zerbini, no Arsenal, elas podem ser aplicadas durante a semana, das 8h \u00e0s 21h; e aos s\u00e1bados, das 8h \u00e0s 13h.\u00a0<\/p>\n\n\n\n<p>Os grupos priorit\u00e1rios que podem tomar a vacina s\u00e3o pessoas que vivem em institui\u00e7\u00f5es de longa perman\u00eancia (Ilpis) e imunocomprometidas, ind\u00edgenas, ribeirinhos, quilombolas, pu\u00e9rperas (at\u00e9 45 dias ap\u00f3s o parto), trabalhadores da sa\u00fade, pessoas com comorbidades, pessoas com defici\u00eancia permanente, pessoas privadas de liberdade e adolescentes cumprindo medidas socioeducativas, profissionais do sistema prisional e pessoas em situa\u00e7\u00e3o de rua.\u00a0<\/p>\n\n\n\n<p>A vacina contra covid-19 para gestantes e idosos entrou no Calend\u00e1rio Nacional de Vacina\u00e7\u00e3o como imunizante de rotina. As gr\u00e1vidas devem tomar uma dose de vacina a cada gesta\u00e7\u00e3o, mas devem ter autoriza\u00e7\u00e3o m\u00e9dica; e os idosos devem ser vacinados a cada seis meses, assim como os imunocomprometidos.\u00a0<\/p>\n\n\n\n<p>O esquema vacinal para crian\u00e7as de 6 meses a 4 anos, 11 meses e 29 dias, que j\u00e1 fazia parte da vacina\u00e7\u00e3o de rotina, permanece com a vacina XBB, da Moderna. A idade recomendada para a vacina\u00e7\u00e3o \u00e9: primeira dose aos 6 meses; segunda dose aos 7 meses e terceira dose aos 9 meses de idade. O intervalo recomendado \u00e9 de 4 semanas entre a primeira e a segunda dose e 8 semanas entre a segunda e a terceira dose.<\/p>\n\n\n\n<p>O impedimento para a vacina\u00e7\u00e3o \u00e9 se o gon\u00e7alense estiver com coronav\u00edrus ou febre. Ap\u00f3s a infec\u00e7\u00e3o por covid-19, o intervalo para a vacina\u00e7\u00e3o \u00e9 de quatro semanas. Para a vacina\u00e7\u00e3o \u00e9 necess\u00e1rio apresentar cart\u00e3o do SUS, caderneta de vacina com as doses anteriores e ter, pelo menos, tr\u00eas meses da \u00faltima aplica\u00e7\u00e3o.\u00a0<\/p>\n\n\n\n<p>&nbsp;&nbsp;&nbsp;&nbsp;&nbsp;A Zalika \u00e9 chamada de recombinante por usar subst\u00e2ncia que promove resposta do sistema imunol\u00f3gico e outra que potencializa a produ\u00e7\u00e3o de anticorpos contra o coronav\u00edrus. A vacina \u00e9 monovalente contra o v\u00edrus SarsCov-2 original. Ela pode ser aplicada no mesmo dia que todas as outras vacinas.&nbsp;<\/p>\n\n\n\n<p><strong>Os locais de vacina\u00e7\u00e3o, s\u00e3o:<\/strong><\/p>\n\n\n\n<p>1 \u2013 Polo Sanit\u00e1rio Paulo Marques Rangel, Porto do Rosa<\/p>\n\n\n\n<p>2 \u2013 USF Jardim Catarina I<\/p>\n\n\n\n<p>3 \u2013 USF Jos\u00e9 Avelino de Souza, Tribob\u00f3<\/p>\n\n\n\n<p>4 \u2013 USF Agenor Jos\u00e9 da Silva, Jardim Catarina<\/p>\n\n\n\n<p>5 \u2013 USF Louis Pasteur, Guaxindiba<\/p>\n\n\n\n<p>6 \u2013 Cl\u00ednica Gon\u00e7alense do Barro Vermelho<\/p>\n\n\n\n<p>7 \u2013 PAM Coelho<\/p>\n\n\n\n<p>8 \u2013 Polo Sanit\u00e1rio Washington Luiz Lopes, Z\u00e9 Garoto<\/p>\n\n\n\n<p>9 \u2013 USF David Capistrano, Ita\u00fana<\/p>\n\n\n\n<p>10 \u2013 USF Barbosa Lima Sobrinho, Boa Vista<\/p>\n\n\n\n<p>11 \u2013 Cl\u00ednica Gon\u00e7alense do Mutondo<\/p>\n\n\n\n<p>12 \u2013 USF Jos\u00e9 Bruno Neto, Boa Vista<\/p>\n\n\n\n<p>13 \u2013 USF Floren\u00e7a Pereira, Largo da Ideia<\/p>\n\n\n\n<p>14 \u2013 Polo Sanit\u00e1rio H\u00e9lio Cruz, Alc\u00e2ntara<\/p>\n\n\n\n<p>15 \u2013 USF Juarez Antunes, Laranjal<\/p>\n\n\n\n<p>16 \u2013 Polo Sanit\u00e1rio Rio do Ouro<\/p>\n\n\n\n<p>17 \u2013 USF Anaia<\/p>\n\n\n\n<p>18 \u2013 USF Ana Nery, Gradim&nbsp;&nbsp;&nbsp;&nbsp;&nbsp;&nbsp;&nbsp;&nbsp;&nbsp;&nbsp;&nbsp;&nbsp;&nbsp;&nbsp;&nbsp;&nbsp;<\/p>\n\n\n\n<p>19 \u2013 Polo Sanit\u00e1rio Jorge Teixeira de Lima, Jardim Catarina<\/p>\n\n\n\n<p>20 \u2013 USF Bandeirantes<\/p>\n\n\n\n<p>21 \u2013 USF Bento da Cruz, Porto Novo<\/p>\n\n\n\n<p>22 \u2013 USF Altair da Silva, Mutu\u00e1&nbsp;<\/p>\n\n\n\n<p>23 \u2013 USF Madre Teresa de Calcut\u00e1, Estrela do Norte<\/p>\n\n\n\n<p>24 \u2013 USF Juvenil Francisco Ribeiro, Engenho Pequeno<\/p>\n\n\n\n<p>25 \u2013 USF Fl\u00e1vio Henrique de Brito, J\u00f3quei<\/p>\n\n\n\n<p>26 \u2013 USF Jardel do Amaral, Venda da Cruz<\/p>\n\n\n\n<p>27 \u2013 USF Luiz Paulo Guimar\u00e3es, Laranjal<\/p>\n\n\n\n<p>28 \u2013 USF Gladys Rodrigues Ramos Freitas, Santa Isabel<\/p>\n\n\n\n<p>29 \u2013 USF Jo\u00e3o Goulart, Jardim Catarina<\/p>\n\n\n\n<p>30 \u2013 USF Em\u00edlio Ribas, Barrac\u00e3o<\/p>\n\n\n\n<p>31 \u2013 USF Ary Teixeira, Jardim Bom Retiro<\/p>\n\n\n\n<p>32 \u2013 USF Luiz Carlos Prestes, Santa Catarina<\/p>\n\n\n\n<p>33 \u2013 USF Badger Silveira, Tribob\u00f3<\/p>\n\n\n\n<p>34 \u2013 USF Haroldo Pereira Nunes, Porto Novo<\/p>\n\n\n\n<p>35 \u2013 Cl\u00ednica Municipal da Fam\u00edlia Dr. Zerbini, Arsenal<\/p>\n\n\n\n<p>36 \u2013 USF Alexander Fleming, Boa\u00e7u<\/p>\n\n\n\n<p>37 \u2013 PAM Neves<\/p>\n\n\n\n<p>38 \u2013 USF Tancredo Neves, Luiz Ca\u00e7ador<\/p>\n\n\n\n<p>39 \u2013 USF Geremias de Mattos Fontes, Jardim Bom Retiro<\/p>\n\n\n\n<p>40 \u2013 USF Quinta Dom Ricardo<\/p>\n\n\n\n<p>41 \u2013 USF Wally Figueiras da Silva, Rocha<\/p>\n\n\n\n<p>42 \u2013 USF Hiparco Ferreira, Engenho do Ro\u00e7ado<\/p>\n\n\n\n<p>43 \u2013 USF Almerinda<\/p>\n\n\n\n<p>44 \u2013 USF Lu\u00edsa de Marilac, Novo M\u00e9xico<\/p>\n\n\n\n<p>45 \u2013 Cl\u00ednica Municipal do Coluband\u00ea<\/p>\n\n\n\n<p>46 \u2013 USF Neuza Goulart Brizola, Palmeiras<\/p>\n\n\n\n<p>47 \u2013 USF Dr. Robert Koch, Porto da Madama<\/p>\n\n\n\n<p>48 \u2013&nbsp;USF Doutel de Andrade, Maria Paula&nbsp;<\/p>\n\n\n\n<p>49 \u2013 USF Santa Luzia&nbsp;<\/p>\n\n\n\n<p>50 \u2013 USF Get\u00falio Vargas, Boa Vista<\/p>\n\n\n\n<p>51 \u2013 USF Adolfo Lutz, Amendoeira<\/p>\n\n\n\n<p>52 \u2013 USF Port\u00e3o do Rosa<\/p>\n\n\n\n<p>53 \u2013 USF An\u00edbal Porto, Monjolos<\/p>\n\n\n\n<p>54 \u2013 USF Jos\u00e9 Jorge Cortes Freitas, Itaitindiba<\/p>\n\n\n\n<p>55 \u2013 USF Floriano Barbosa, Jardim Catarina<\/p>\n\n\n\n<p>56 \u2013 USF Marambaia<\/p>\n\n\n\n<p>57 \u2013&nbsp;USF Irm\u00e3 Dulce, Trindade<\/p>\n\n\n\n<p>58 \u2013 USF Marilea Cardoso, J\u00f3quei<\/p>\n\n\n\n<p>59 \u2013 USF Oswaldo Cruz, Amendoeira<\/p>\n\n\n\n<p>60 \u2013 USF Elza Borges, Santa Luzia<\/p>\n\n\n\n<p>61 \u2013 USF Apolo III<\/p>\n\n\n\n<p><em>Fotos: Renan Otto<\/em><\/p>\n\n\n\n<p><strong><em>#SGVAIMUDAR<\/em><\/strong><\/p>\n\n\n\n<figure class=\"wp-block-image size-large\"><img fetchpriority=\"high\" decoding=\"async\" width=\"1024\" height=\"357\" src=\"https:\/\/sgvaimudar.com.br\/wp-content\/uploads\/2023\/08\/Logo-Provisoria-2-1-1024x357.png\" alt=\"\" class=\"wp-image-2779\" srcset=\"https:\/\/sgvaimudar.com.br\/wp-content\/uploads\/2023\/08\/Logo-Provisoria-2-1-1024x357.png 1024w, https:\/\/sgvaimudar.com.br\/wp-content\/uploads\/2023\/08\/Logo-Provisoria-2-1-300x105.png 300w, https:\/\/sgvaimudar.com.br\/wp-content\/uploads\/2023\/08\/Logo-Provisoria-2-1-768x268.png 768w, https:\/\/sgvaimudar.com.br\/wp-content\/uploads\/2023\/08\/Logo-Provisoria-2-1.png 1470w\" sizes=\"(max-width: 1024px) 100vw, 1024px\" \/><\/figure>\n","protected":false},"excerpt":{"rendered":"<p>Vacina Zalika est\u00e1 dispon\u00edvel para grupos priorit\u00e1rios\u00a0com mais de 12 anos a partir desta quinta (26\/12) A Secretaria de Sa\u00fade&hellip;<\/p>\n","protected":false},"author":5,"featured_media":17713,"comment_status":"open","ping_status":"open","sticky":false,"template":"","format":"standard","meta":{"fifu_image_url":"","fifu_image_alt":"","footnotes":""},"categories":[7],"tags":[],"class_list":["post-17712","post","type-post","status-publish","format-standard","has-post-thumbnail","hentry","category-saude"],"_links":{"self":[{"href":"https:\/\/sgvaimudar.com.br\/index.php\/wp-json\/wp\/v2\/posts\/17712","targetHints":{"allow":["GET"]}}],"collection":[{"href":"https:\/\/sgvaimudar.com.br\/index.php\/wp-json\/wp\/v2\/posts"}],"about":[{"href":"https:\/\/sgvaimudar.com.br\/index.php\/wp-json\/wp\/v2\/types\/post"}],"author":[{"embeddable":true,"href":"https:\/\/sgvaimudar.com.br\/index.php\/wp-json\/wp\/v2\/users\/5"}],"replies":[{"embeddable":true,"href":"https:\/\/sgvaimudar.com.br\/index.php\/wp-json\/wp\/v2\/comments?post=17712"}],"version-history":[{"count":1,"href":"https:\/\/sgvaimudar.com.br\/index.php\/wp-json\/wp\/v2\/posts\/17712\/revisions"}],"predecessor-version":[{"id":17714,"href":"https:\/\/sgvaimudar.com.br\/index.php\/wp-json\/wp\/v2\/posts\/17712\/revisions\/17714"}],"wp:featuredmedia":[{"embeddable":true,"href":"https:\/\/sgvaimudar.com.br\/index.php\/wp-json\/wp\/v2\/media\/17713"}],"wp:attachment":[{"href":"https:\/\/sgvaimudar.com.br\/index.php\/wp-json\/wp\/v2\/media?parent=17712"}],"wp:term":[{"taxonomy":"category","embeddable":true,"href":"https:\/\/sgvaimudar.com.br\/index.php\/wp-json\/wp\/v2\/categories?post=17712"},{"taxonomy":"post_tag","embeddable":true,"href":"https:\/\/sgvaimudar.com.br\/index.php\/wp-json\/wp\/v2\/tags?post=17712"}],"curies":[{"name":"wp","href":"https:\/\/api.w.org\/{rel}","templated":true}]}}