{"id":17706,"date":"2024-12-26T19:00:00","date_gmt":"2024-12-26T22:00:00","guid":{"rendered":"https:\/\/sgvaimudar.com.br\/?p=17706"},"modified":"2024-12-26T10:26:34","modified_gmt":"2024-12-26T13:26:34","slug":"babu-santana-sofre-grave-acidente-de-carro-no-rio","status":"publish","type":"post","link":"https:\/\/sgvaimudar.com.br\/index.php\/2024\/12\/26\/babu-santana-sofre-grave-acidente-de-carro-no-rio\/","title":{"rendered":"Babu Santana sofre grave acidente de carro no Rio"},"content":{"rendered":"\n<p><em>O carro do ator e ex-BBB capotou no \u00faltimo dia 23; Babu est\u00e1 bem e sofreu apenas escoria\u00e7\u00f5es<\/em><\/p>\n\n\n\n<p>A\u00a0colunista do site Metr\u00f3poles, F\u00e1bia Oliveira\u00a0descobriu, com exclusividade, que Babu Santana\u00a0sofreu um acidente no \u00faltimo dia 23, na Transol\u00edmpica, em Jacarepagu\u00e1, na Zona Oeste do Rio de Janeiro.<\/p>\n\n\n\n<p>Segundo fontes, o ator e ex-BBB conduzia o carro quando o ve\u00edculo capotou, dando perda total. Babu perdeu a dire\u00e7\u00e3o numa curva da via, que estava com as pistas molhadas devido \u00e0 chuva.<\/p>\n\n\n\n<p>O ator foi levado a um hospital na Barra da Tijuca e, apesar da gravidade da batida, n\u00e3o sofreu dano f\u00edsico, apenas leves escoria\u00e7\u00f5es.<\/p>\n\n\n\n<p><em>Fonte: Metr\u00f3poles<\/em><\/p>\n\n\n\n<figure class=\"wp-block-image size-large\"><img fetchpriority=\"high\" decoding=\"async\" width=\"1024\" height=\"357\" src=\"https:\/\/sgvaimudar.com.br\/wp-content\/uploads\/2023\/08\/Logo-Provisoria-2-1-1024x357.png\" alt=\"\" class=\"wp-image-2779\" srcset=\"https:\/\/sgvaimudar.com.br\/wp-content\/uploads\/2023\/08\/Logo-Provisoria-2-1-1024x357.png 1024w, https:\/\/sgvaimudar.com.br\/wp-content\/uploads\/2023\/08\/Logo-Provisoria-2-1-300x105.png 300w, https:\/\/sgvaimudar.com.br\/wp-content\/uploads\/2023\/08\/Logo-Provisoria-2-1-768x268.png 768w, https:\/\/sgvaimudar.com.br\/wp-content\/uploads\/2023\/08\/Logo-Provisoria-2-1.png 1470w\" sizes=\"(max-width: 1024px) 100vw, 1024px\" \/><\/figure>\n","protected":false},"excerpt":{"rendered":"<p>O carro do ator e ex-BBB capotou no \u00faltimo dia 23; Babu est\u00e1 bem e sofreu apenas escoria\u00e7\u00f5es A\u00a0colunista do&hellip;<\/p>\n","protected":false},"author":5,"featured_media":17707,"comment_status":"open","ping_status":"open","sticky":false,"template":"","format":"standard","meta":{"fifu_image_url":"","fifu_image_alt":"","footnotes":""},"categories":[32],"tags":[],"class_list":["post-17706","post","type-post","status-publish","format-standard","has-post-thumbnail","hentry","category-casos-de-policia"],"_links":{"self":[{"href":"https:\/\/sgvaimudar.com.br\/index.php\/wp-json\/wp\/v2\/posts\/17706","targetHints":{"allow":["GET"]}}],"collection":[{"href":"https:\/\/sgvaimudar.com.br\/index.php\/wp-json\/wp\/v2\/posts"}],"about":[{"href":"https:\/\/sgvaimudar.com.br\/index.php\/wp-json\/wp\/v2\/types\/post"}],"author":[{"embeddable":true,"href":"https:\/\/sgvaimudar.com.br\/index.php\/wp-json\/wp\/v2\/users\/5"}],"replies":[{"embeddable":true,"href":"https:\/\/sgvaimudar.com.br\/index.php\/wp-json\/wp\/v2\/comments?post=17706"}],"version-history":[{"count":1,"href":"https:\/\/sgvaimudar.com.br\/index.php\/wp-json\/wp\/v2\/posts\/17706\/revisions"}],"predecessor-version":[{"id":17708,"href":"https:\/\/sgvaimudar.com.br\/index.php\/wp-json\/wp\/v2\/posts\/17706\/revisions\/17708"}],"wp:featuredmedia":[{"embeddable":true,"href":"https:\/\/sgvaimudar.com.br\/index.php\/wp-json\/wp\/v2\/media\/17707"}],"wp:attachment":[{"href":"https:\/\/sgvaimudar.com.br\/index.php\/wp-json\/wp\/v2\/media?parent=17706"}],"wp:term":[{"taxonomy":"category","embeddable":true,"href":"https:\/\/sgvaimudar.com.br\/index.php\/wp-json\/wp\/v2\/categories?post=17706"},{"taxonomy":"post_tag","embeddable":true,"href":"https:\/\/sgvaimudar.com.br\/index.php\/wp-json\/wp\/v2\/tags?post=17706"}],"curies":[{"name":"wp","href":"https:\/\/api.w.org\/{rel}","templated":true}]}}