{"id":17666,"date":"2024-12-26T08:01:00","date_gmt":"2024-12-26T11:01:00","guid":{"rendered":"https:\/\/sgvaimudar.com.br\/?p=17666"},"modified":"2024-12-26T06:52:37","modified_gmt":"2024-12-26T09:52:37","slug":"jovem-atingida-com-tiro-na-cabeca-no-rio-apresenta-estabilidade","status":"publish","type":"post","link":"https:\/\/sgvaimudar.com.br\/index.php\/2024\/12\/26\/jovem-atingida-com-tiro-na-cabeca-no-rio-apresenta-estabilidade\/","title":{"rendered":"Jovem atingida com tiro na cabe\u00e7a no Rio apresenta estabilidade"},"content":{"rendered":"\n<p>Informa\u00e7\u00e3o \u00e9 da m\u00e9dica intensivista Juliana Paitach<\/p>\n\n\n\n<p>A m\u00e9dica intensivista&nbsp;do Hospital Municipalizado Ad\u00e3o Pereira Nunes, Juliana Paitach&nbsp; disse, em entrevista agora \u00e0 tarde, que a jovem Juliana Leite Rangel, 26 anos, que chegou baleada com tiro de fuzil na cabe\u00e7a, numa a\u00e7\u00e3o da Pol\u00edcia Rodovi\u00e1ria Federal, na rodovia Washington Lu\u00eds (BR-040) \u201cest\u00e1 em ventila\u00e7\u00e3o mec\u00e2nica e recebendo medicamento para manter a press\u00e3o est\u00e1vel. Apesar da gravidade, h\u00e1 um padr\u00e3o de estabilidade, uma vez que a jovem n\u00e3o apresentou piora no quadro de sa\u00fade\u201d.<img decoding=\"async\" src=\"https:\/\/agenciabrasil.ebc.com.br\/ebc.png?id=1624957&amp;o=node\"><img decoding=\"async\" src=\"https:\/\/agenciabrasil.ebc.com.br\/ebc.gif?id=1624957&amp;o=node\"><\/p>\n\n\n\n<p>A m\u00e9dica explicou que Juliana \u201ctem o estado grave, por\u00e9m est\u00e1vel. Est\u00e1 em ventila\u00e7\u00e3o mec\u00e2nica e em coma induzido. Da hora que ela chegou para agora, n\u00e3o teve piora, ela se manteve num grau de gravidade que estabilizou com a medica\u00e7\u00e3o e n\u00e3o teve piora. Ou seja, temos uma gravidade, mas num padr\u00e3o de estabilidade, at\u00e9 o momento\u201d.<\/p>\n\n\n\n<p>A intensivista Juliana Paitach disse que o proj\u00e9til que atingiu o cr\u00e2nio de Juliana foi retirado durante a cirurgia. &nbsp;\u201cApesar da les\u00e3o cerebral ser uma les\u00e3o grave, ela n\u00e3o tem um sinal de gravidade que a gente faz uma hipertens\u00e3o intracraniana. Na imagem inicial, voc\u00ea v\u00ea que n\u00e3o tem esse sinal de gravidade, ent\u00e3o, a gente vai ter que acompanhar, ver como vai evoluir\u201d, explicou a m\u00e9dica.<\/p>\n\n\n\n<h2 class=\"wp-block-heading\">Afastamento<\/h2>\n\n\n\n<p>A Pol\u00edcia Rodovi\u00e1ria Federal (PRF) informou que os dois homens e a mulher que participaram da abordagem ao carro da fam\u00edlia de Juliana Rangel na BR-040, em Duque de Caxias \u201cforam afastados preventivamente de todas as atividades operacionais\u201d. Os dois fuzis e a pistola usados pelos agentes foram apreendidos pela Pol\u00edcia Federal, que est\u00e1 encarregada das investiga\u00e7\u00f5es.<\/p>\n\n\n\n<p>A Pol\u00edcia Federal informou que as armas dos agentes da PRF passar\u00e3o por an\u00e1lise pela per\u00edcia t\u00e9cnica criminal, que determinar\u00e1 de que arma saiu o proj\u00e9til que atingiu a v\u00edtima na cabe\u00e7a.<\/p>\n\n\n\n<p><strong><em>#sgvaimudar<\/em><\/strong><\/p>\n\n\n\n<figure class=\"wp-block-image size-large\"><img fetchpriority=\"high\" decoding=\"async\" width=\"1024\" height=\"321\" src=\"https:\/\/sgvaimudar.com.br\/wp-content\/uploads\/2023\/08\/cropped-Logo-Provisoria-2-1024x321.png\" alt=\"\" class=\"wp-image-2778\" srcset=\"https:\/\/sgvaimudar.com.br\/wp-content\/uploads\/2023\/08\/cropped-Logo-Provisoria-2-1024x321.png 1024w, https:\/\/sgvaimudar.com.br\/wp-content\/uploads\/2023\/08\/cropped-Logo-Provisoria-2-300x94.png 300w, https:\/\/sgvaimudar.com.br\/wp-content\/uploads\/2023\/08\/cropped-Logo-Provisoria-2-768x240.png 768w, https:\/\/sgvaimudar.com.br\/wp-content\/uploads\/2023\/08\/cropped-Logo-Provisoria-2-1536x481.png 1536w, https:\/\/sgvaimudar.com.br\/wp-content\/uploads\/2023\/08\/cropped-Logo-Provisoria-2-2048x641.png 2048w\" sizes=\"(max-width: 1024px) 100vw, 1024px\" \/><\/figure>\n","protected":false},"excerpt":{"rendered":"<p>Informa\u00e7\u00e3o \u00e9 da m\u00e9dica intensivista Juliana Paitach A m\u00e9dica intensivista&nbsp;do Hospital Municipalizado Ad\u00e3o Pereira Nunes, Juliana Paitach&nbsp; disse, em entrevista&hellip;<\/p>\n","protected":false},"author":5,"featured_media":17667,"comment_status":"open","ping_status":"open","sticky":false,"template":"","format":"standard","meta":{"fifu_image_url":"","fifu_image_alt":"","footnotes":""},"categories":[32],"tags":[],"class_list":["post-17666","post","type-post","status-publish","format-standard","has-post-thumbnail","hentry","category-casos-de-policia"],"_links":{"self":[{"href":"https:\/\/sgvaimudar.com.br\/index.php\/wp-json\/wp\/v2\/posts\/17666","targetHints":{"allow":["GET"]}}],"collection":[{"href":"https:\/\/sgvaimudar.com.br\/index.php\/wp-json\/wp\/v2\/posts"}],"about":[{"href":"https:\/\/sgvaimudar.com.br\/index.php\/wp-json\/wp\/v2\/types\/post"}],"author":[{"embeddable":true,"href":"https:\/\/sgvaimudar.com.br\/index.php\/wp-json\/wp\/v2\/users\/5"}],"replies":[{"embeddable":true,"href":"https:\/\/sgvaimudar.com.br\/index.php\/wp-json\/wp\/v2\/comments?post=17666"}],"version-history":[{"count":1,"href":"https:\/\/sgvaimudar.com.br\/index.php\/wp-json\/wp\/v2\/posts\/17666\/revisions"}],"predecessor-version":[{"id":17668,"href":"https:\/\/sgvaimudar.com.br\/index.php\/wp-json\/wp\/v2\/posts\/17666\/revisions\/17668"}],"wp:featuredmedia":[{"embeddable":true,"href":"https:\/\/sgvaimudar.com.br\/index.php\/wp-json\/wp\/v2\/media\/17667"}],"wp:attachment":[{"href":"https:\/\/sgvaimudar.com.br\/index.php\/wp-json\/wp\/v2\/media?parent=17666"}],"wp:term":[{"taxonomy":"category","embeddable":true,"href":"https:\/\/sgvaimudar.com.br\/index.php\/wp-json\/wp\/v2\/categories?post=17666"},{"taxonomy":"post_tag","embeddable":true,"href":"https:\/\/sgvaimudar.com.br\/index.php\/wp-json\/wp\/v2\/tags?post=17666"}],"curies":[{"name":"wp","href":"https:\/\/api.w.org\/{rel}","templated":true}]}}