{"id":17641,"date":"2024-12-25T14:00:00","date_gmt":"2024-12-25T17:00:00","guid":{"rendered":"https:\/\/sgvaimudar.com.br\/?p=17641"},"modified":"2024-12-25T08:22:37","modified_gmt":"2024-12-25T11:22:37","slug":"flamengo-esta-decidido-a-tentar-avancar-pela-contratacao-de-roberto-firmino","status":"publish","type":"post","link":"https:\/\/sgvaimudar.com.br\/index.php\/2024\/12\/25\/flamengo-esta-decidido-a-tentar-avancar-pela-contratacao-de-roberto-firmino\/","title":{"rendered":"Flamengo est\u00e1 decidido a tentar avan\u00e7ar pela contrata\u00e7\u00e3o de Roberto Firmino"},"content":{"rendered":"\n<p><em>Nome do atacante agrada ao t\u00e9cnico Filipe Lu\u00eds e ao diretor Jos\u00e9 Boto<\/em><\/p>\n\n\n\n<p>O Flamengo mira Roberto Firmino para ser seu grande refor\u00e7o para a temporada de 2025. De acordo com o jornalista Ven\u00ea Casagrande, o clube est\u00e1\u00a0decidido a tentar a contrata\u00e7\u00e3o do atacante de 33 anos, que atualmente defende o Al-Ahli, da Ar\u00e1bia Saudita, e buscar\u00e1 informa\u00e7\u00f5es sobre a possibilidade de repatri\u00e1-lo.<\/p>\n\n\n\n<p>Firmino \u00e9 um nome que\u00a0agrada tanto ao t\u00e9cnico Filipe Lu\u00eds quanto a diretor de futebol Jos\u00e9 Boto. O jogador, inclusive, foi um dos temas conversados pelos dois no primeiro encontro pessoalmente, que aconteceu na \u00faltima segunda (23), em Lisboa.<\/p>\n\n\n\n<p>Com passagens pelo Liverpool, da Inglaterra, e pela sele\u00e7\u00e3o brasileira, o centroavante\u00a0tem contrato com os \u00e1rabes at\u00e9 junho de 2026.\u00a0Contratado no ano passado, disputou 53 jogos pela equipe saudita, anotou 15 gols e deu 11 assist\u00eancias.<\/p>\n\n\n\n<p>Firmino saiu do Brasil aos 19 anos depois de ser um dos destaques do Figueirense na campanha de acesso \u00e0 S\u00e9rie A do Brasileir\u00e3o, em 2010. Naquele ano, ele marcou 11 gols em 51 jogos. Em dezembro, foi para o Hoffenheim, da Alemanha, onde iniciou sua trajet\u00f3ria na Europa.<\/p>\n\n\n\n<p><strong><em>#sgvaimudar<\/em><\/strong><\/p>\n\n\n\n<figure class=\"wp-block-image size-full\"><img decoding=\"async\" width=\"251\" height=\"88\" src=\"https:\/\/sgvaimudar.com.br\/wp-content\/uploads\/2023\/08\/Logo.png\" alt=\"\" class=\"wp-image-2738\" \/><\/figure>\n","protected":false},"excerpt":{"rendered":"<p>Nome do atacante agrada ao t\u00e9cnico Filipe Lu\u00eds e ao diretor Jos\u00e9 Boto O Flamengo mira Roberto Firmino para ser&hellip;<\/p>\n","protected":false},"author":5,"featured_media":17642,"comment_status":"open","ping_status":"open","sticky":false,"template":"","format":"standard","meta":{"fifu_image_url":"","fifu_image_alt":"","footnotes":""},"categories":[5],"tags":[],"class_list":["post-17641","post","type-post","status-publish","format-standard","has-post-thumbnail","hentry","category-esportes"],"_links":{"self":[{"href":"https:\/\/sgvaimudar.com.br\/index.php\/wp-json\/wp\/v2\/posts\/17641","targetHints":{"allow":["GET"]}}],"collection":[{"href":"https:\/\/sgvaimudar.com.br\/index.php\/wp-json\/wp\/v2\/posts"}],"about":[{"href":"https:\/\/sgvaimudar.com.br\/index.php\/wp-json\/wp\/v2\/types\/post"}],"author":[{"embeddable":true,"href":"https:\/\/sgvaimudar.com.br\/index.php\/wp-json\/wp\/v2\/users\/5"}],"replies":[{"embeddable":true,"href":"https:\/\/sgvaimudar.com.br\/index.php\/wp-json\/wp\/v2\/comments?post=17641"}],"version-history":[{"count":1,"href":"https:\/\/sgvaimudar.com.br\/index.php\/wp-json\/wp\/v2\/posts\/17641\/revisions"}],"predecessor-version":[{"id":17643,"href":"https:\/\/sgvaimudar.com.br\/index.php\/wp-json\/wp\/v2\/posts\/17641\/revisions\/17643"}],"wp:featuredmedia":[{"embeddable":true,"href":"https:\/\/sgvaimudar.com.br\/index.php\/wp-json\/wp\/v2\/media\/17642"}],"wp:attachment":[{"href":"https:\/\/sgvaimudar.com.br\/index.php\/wp-json\/wp\/v2\/media?parent=17641"}],"wp:term":[{"taxonomy":"category","embeddable":true,"href":"https:\/\/sgvaimudar.com.br\/index.php\/wp-json\/wp\/v2\/categories?post=17641"},{"taxonomy":"post_tag","embeddable":true,"href":"https:\/\/sgvaimudar.com.br\/index.php\/wp-json\/wp\/v2\/tags?post=17641"}],"curies":[{"name":"wp","href":"https:\/\/api.w.org\/{rel}","templated":true}]}}