{"id":17637,"date":"2024-12-25T13:00:00","date_gmt":"2024-12-25T16:00:00","guid":{"rendered":"https:\/\/sgvaimudar.com.br\/?p=17637"},"modified":"2024-12-25T08:16:13","modified_gmt":"2024-12-25T11:16:13","slug":"populacao-fluminense-conta-com-cardapio-especial-de-natal-nas-unidades-do-restaurante-do-povo","status":"publish","type":"post","link":"https:\/\/sgvaimudar.com.br\/index.php\/2024\/12\/25\/populacao-fluminense-conta-com-cardapio-especial-de-natal-nas-unidades-do-restaurante-do-povo\/","title":{"rendered":"Popula\u00e7\u00e3o fluminense conta com card\u00e1pio especial de Natal nas unidades do Restaurante do Povo"},"content":{"rendered":"\n<p><em>Comidas t\u00edpicas das festividades de fim de ano est\u00e3o sendo servidas at\u00e9 o dia 31 de dezembro<\/em><\/p>\n\n\n\n<p>O maior programa de alimenta\u00e7\u00e3o do Governo do Estado n\u00e3o poderia ficar de fora das festividades de Natal e Ano Novo. O menu especial conta com comidas t\u00edpicas de festas de fim de ano, preparadas para o p\u00fablico que frequenta diferentes unidades do programa pelo territ\u00f3rio fluminense e que j\u00e1 aprova a iniciativa.<\/p>\n\n\n\n<figure class=\"wp-block-image size-large\"><img fetchpriority=\"high\" decoding=\"async\" width=\"1024\" height=\"716\" src=\"https:\/\/sgvaimudar.com.br\/wp-content\/uploads\/2024\/12\/IMG-20241224-WA0058-1024x716.jpg\" alt=\"\" class=\"wp-image-17638\" srcset=\"https:\/\/sgvaimudar.com.br\/wp-content\/uploads\/2024\/12\/IMG-20241224-WA0058-1024x716.jpg 1024w, https:\/\/sgvaimudar.com.br\/wp-content\/uploads\/2024\/12\/IMG-20241224-WA0058-300x210.jpg 300w, https:\/\/sgvaimudar.com.br\/wp-content\/uploads\/2024\/12\/IMG-20241224-WA0058-768x537.jpg 768w, https:\/\/sgvaimudar.com.br\/wp-content\/uploads\/2024\/12\/IMG-20241224-WA0058-1536x1074.jpg 1536w, https:\/\/sgvaimudar.com.br\/wp-content\/uploads\/2024\/12\/IMG-20241224-WA0058-2048x1433.jpg 2048w\" sizes=\"(max-width: 1024px) 100vw, 1024px\" \/><\/figure>\n\n\n\n<p>\u00c9 o caso da Maria do Socorro Santos Rafael, de 61 anos, que almo\u00e7a todos os dias no Restaurante do Povo de Duque de Caxias e, hoje, aproveitou a ceia de Natal na unidade.<\/p>\n\n\n\n<p>\u2014 O almo\u00e7o aqui \u00e9 excelente. Meu prato predileto \u00e9 carne su\u00edna. Hoje fui surpreendida pela ceia especial de Natal, fiquei muito feliz, pois n\u00e3o vou passar com minha fam\u00edlia, ent\u00e3o minha ceia vai ser aqui. T\u00f4 ansiosa para comer o pernil. Meus filhos que moram na Central e outro em Sulacap tamb\u00e9m almo\u00e7am nos Restaurantes do Povo perto da casa deles. Minha fam\u00edlia eu sei que vai estar alimentada nesse Natal \u2014 disse Maria do Socorro.<\/p>\n\n\n\n<p>\u2014 Fiquei surpresa, \u00e9 uma ben\u00e7\u00e3o. Gostei muito da comida, nota 10. Esse Natal estou sozinha, mas hoje vou passar aqui \u2014 contou C\u00e9lia Regina de Abreu Fernandes, de 63 anos.<\/p>\n\n\n\n<p>O card\u00e1pio festivo chegou nesta ter\u00e7a-feira (24), v\u00e9spera de Natal, \u00e0s unidades de Duque de Caxias, Petr\u00f3polis, S\u00e3o Gon\u00e7alo, Barra Mansa, Bangu e Campo Grande, com pratos como chester ao molho agridoce, peixe \u00e0 portuguesa e farofa natalina. Mas as comemora\u00e7\u00f5es come\u00e7aram na segunda-feira (23), nas unidades da Central do Brasil, Bonsucesso e Nova Igua\u00e7u. Para a quarta-feira (25\/12), Dia de Natal, o local da ceia ser\u00e1 a unidade de Belford Roxo.<\/p>\n\n\n\n<p>Os Restaurantes do Povo, da Secretaria de Estado de Desenvolvimento Social e Direitos Humanos, funcionam em gest\u00e3o compartilhada com as prefeituras locais.<\/p>\n\n\n\n<p>\u2014 S\u00f3 quem passou fome sabe o que \u00e9 poder ter uma comida nutritiva e balanceada para almo\u00e7ar. E principalmente nestes dias de festa ficamos extremamente felizes de proporcionar mais esse momento especial para o nosso povo \u2014 destacou a secret\u00e1ria de Desenvolvimento Social e Direitos Humanos, Rosangela Gomes.<\/p>\n\n\n\n<p>O Superintendente de Seguran\u00e7a Alimentar e Nutricional, Victor Hugo Miranda, relembra a import\u00e2ncia de promover, al\u00e9m da refei\u00e7\u00e3o, acolhimento e dignidade para a parcela mais vulner\u00e1vel da popula\u00e7\u00e3o fluminense.<\/p>\n\n\n\n<p>\u2014 Muito mais do que um prato de comida, estamos servindo alegria, dignidade, momento de confraterniza\u00e7\u00e3o e, sobretudo, esperan\u00e7a. O card\u00e1pio especial de Natal vai se estender por todas as unidades e retorna para o Ano Novo. O Governo do Estado segue comprometido com o combate \u00e0 fome e com o acolhimento digno da popula\u00e7\u00e3o fluminense \u2014 afirmou Victor Hugo Miranda.<\/p>\n\n\n\n<p>Fabiana Maria Santana de Sales, de 41 anos, se surpreendeu com a ceia de Natal e ressaltou o apoio \u00e0 popula\u00e7\u00e3o em situa\u00e7\u00e3o de rua pelo Complexo de Direitos Humanos no segundo andar do Restaurante do Povo em Duque de Caxias.<\/p>\n\n\n\n<p>\u2014 No momento estou desempregada, volto aqui todos os dias porque eu consigo almo\u00e7ar a R$ 1,00. E aqui no Restaurante do Povo de Duque de Caxias ainda tem o complexo de Direitos Humanos que atende a gente. Nem sabia que teria a ceia de natal, j\u00e1 t\u00f4 pensando no pernil \u2014 comentou Fabiana.<\/p>\n\n\n\n<p>Ano Novo tamb\u00e9m tem sabor especial<\/p>\n\n\n\n<p>O sabor de festa se repete no R\u00e9veillon e, entre os dias 30 e 31 de dezembro, pratos como pernil, lombo, frango assado e bacalhau ser\u00e3o servidos nos Restaurantes do Povo. Al\u00e9m disso, as sobremesas t\u00edpicas n\u00e3o v\u00e3o ficar de fora. O p\u00fablico que for a uma das unidades para almo\u00e7ar poder\u00e1 escolher entre pudim, arroz doce, rabanada e panetone, a depender do local do equipamento.<\/p>\n\n\n\n<p>Tudo isso com a qualidade nutricional do Programa Restaurante do Povo que oferece, por dia, 28.575 refei\u00e7\u00f5es para a popula\u00e7\u00e3o do nosso Estado.<\/p>\n\n\n\n<p><strong><em>#sgvaimudar<\/em><\/strong><\/p>\n\n\n\n<figure class=\"wp-block-image size-large\"><img decoding=\"async\" width=\"1024\" height=\"321\" src=\"https:\/\/sgvaimudar.com.br\/wp-content\/uploads\/2023\/08\/cropped-Logo-Provisoria-2-1024x321.png\" alt=\"\" class=\"wp-image-2778\" srcset=\"https:\/\/sgvaimudar.com.br\/wp-content\/uploads\/2023\/08\/cropped-Logo-Provisoria-2-1024x321.png 1024w, https:\/\/sgvaimudar.com.br\/wp-content\/uploads\/2023\/08\/cropped-Logo-Provisoria-2-300x94.png 300w, https:\/\/sgvaimudar.com.br\/wp-content\/uploads\/2023\/08\/cropped-Logo-Provisoria-2-768x240.png 768w, https:\/\/sgvaimudar.com.br\/wp-content\/uploads\/2023\/08\/cropped-Logo-Provisoria-2-1536x481.png 1536w, https:\/\/sgvaimudar.com.br\/wp-content\/uploads\/2023\/08\/cropped-Logo-Provisoria-2-2048x641.png 2048w\" sizes=\"(max-width: 1024px) 100vw, 1024px\" \/><\/figure>\n","protected":false},"excerpt":{"rendered":"<p>Comidas t\u00edpicas das festividades de fim de ano est\u00e3o sendo servidas at\u00e9 o dia 31 de dezembro O maior programa&hellip;<\/p>\n","protected":false},"author":5,"featured_media":17639,"comment_status":"open","ping_status":"open","sticky":false,"template":"","format":"standard","meta":{"fifu_image_url":"","fifu_image_alt":"","footnotes":""},"categories":[36],"tags":[],"class_list":["post-17637","post","type-post","status-publish","format-standard","has-post-thumbnail","hentry","category-bem-estar"],"_links":{"self":[{"href":"https:\/\/sgvaimudar.com.br\/index.php\/wp-json\/wp\/v2\/posts\/17637","targetHints":{"allow":["GET"]}}],"collection":[{"href":"https:\/\/sgvaimudar.com.br\/index.php\/wp-json\/wp\/v2\/posts"}],"about":[{"href":"https:\/\/sgvaimudar.com.br\/index.php\/wp-json\/wp\/v2\/types\/post"}],"author":[{"embeddable":true,"href":"https:\/\/sgvaimudar.com.br\/index.php\/wp-json\/wp\/v2\/users\/5"}],"replies":[{"embeddable":true,"href":"https:\/\/sgvaimudar.com.br\/index.php\/wp-json\/wp\/v2\/comments?post=17637"}],"version-history":[{"count":1,"href":"https:\/\/sgvaimudar.com.br\/index.php\/wp-json\/wp\/v2\/posts\/17637\/revisions"}],"predecessor-version":[{"id":17640,"href":"https:\/\/sgvaimudar.com.br\/index.php\/wp-json\/wp\/v2\/posts\/17637\/revisions\/17640"}],"wp:featuredmedia":[{"embeddable":true,"href":"https:\/\/sgvaimudar.com.br\/index.php\/wp-json\/wp\/v2\/media\/17639"}],"wp:attachment":[{"href":"https:\/\/sgvaimudar.com.br\/index.php\/wp-json\/wp\/v2\/media?parent=17637"}],"wp:term":[{"taxonomy":"category","embeddable":true,"href":"https:\/\/sgvaimudar.com.br\/index.php\/wp-json\/wp\/v2\/categories?post=17637"},{"taxonomy":"post_tag","embeddable":true,"href":"https:\/\/sgvaimudar.com.br\/index.php\/wp-json\/wp\/v2\/tags?post=17637"}],"curies":[{"name":"wp","href":"https:\/\/api.w.org\/{rel}","templated":true}]}}