{"id":17542,"date":"2024-12-23T21:00:00","date_gmt":"2024-12-24T00:00:00","guid":{"rendered":"https:\/\/sgvaimudar.com.br\/?p=17542"},"modified":"2024-12-23T10:26:24","modified_gmt":"2024-12-23T13:26:24","slug":"tradicional-bloco-imprensa-que-eu-gamo-anuncia-ultimo-desfile-sensacao-de-dever-cumprido","status":"publish","type":"post","link":"https:\/\/sgvaimudar.com.br\/index.php\/2024\/12\/23\/tradicional-bloco-imprensa-que-eu-gamo-anuncia-ultimo-desfile-sensacao-de-dever-cumprido\/","title":{"rendered":"Tradicional bloco Imprensa Que Eu Gamo anuncia \u00faltimo desfile: &#8216;Sensa\u00e7\u00e3o de dever cumprido&#8217;"},"content":{"rendered":"\n<p><em>Despedida vai celebrar os 30 anos de folia com grande corteio<\/em><\/p>\n\n\n\n<p>O tradicional bloco Imprensa Que Eu Gamo far\u00e1 seu \u00faltimo desfile na Zona Sul, em 2025. No ano em que completa 30 Carnavais, o coletivo, fundado por jornalistas, promete uma grande celebra\u00e7\u00e3o, repleta de homenagens aos componentes e frequentadores.<\/p>\n\n\n\n<p>Fundadora e diretora do bloco, a jornalista Rita Fernandes, de 62 anos, explica que a decis\u00e3o foi tomada a partir de v\u00e1rios fatores, que v\u00e3o desde a burocracia e os altos custos, at\u00e9 a mudan\u00e7a de perfil do p\u00fablico e do mercado de trabalho no jornalismo. Para ela, todas essas quest\u00f5es deixam a folia muito mais cansativa do que divertida para os organizadores.<\/p>\n\n\n\n<p>&#8220;S\u00e3o v\u00e1rias exig\u00eancias, e ficou muito burocr\u00e1tico o processo de colocar um bloco na rua. Hoje, a gente se v\u00ea diante de uma s\u00e9rie de burocracias, legaliza\u00e7\u00f5es, custos muito elevados e uma dificuldade enorme de ter apoio financeiro e patroc\u00ednios. Tudo isso trouxe um desgaste para a diretoria e foi nos cansando, nos tirando o \u00e2nimo. Acabou perdendo a gra\u00e7a de fazer a folia. Entendemos que tem que ter normas de seguran\u00e7a, mas a gente est\u00e1 cansado&#8221;, diz Rita.<\/p>\n\n\n\n<p>&#8220;Ainda tem uma mudan\u00e7a de comportamento do pr\u00f3prio p\u00fablico mais jovem, que hoje busca um Carnaval com um outro formato, mais ligado \u00e0s fanfarras, com roteiros e formas de brincar mais livres. Esse formato mais convencional est\u00e1 ficando ultrapassado. Al\u00e9m disso, os nossos amigos jornalistas foram se distanciando do bloco. Hoje, a nossa profiss\u00e3o est\u00e1 muito esvaziada. Sabemos que o mercado mudou, temos poucas reda\u00e7\u00f5es e muita gente trabalha de home office. Isso acabou se refletindo no bloco, que era um local onde os colegas se encontravam para confraternizar&#8221;, completa.<\/p>\n\n\n\n<p>O \u00faltimo desfile do Imprensa Que Eu Gamo, no dia 15 de fevereiro, na Rua Gago Coutinho, em Laranjeiras, vai marcar, tamb\u00e9m, a comemora\u00e7\u00e3o dos 30 anos de funda\u00e7\u00e3o. Para celebrar a data e se despedir em grande estilo, Rita conta que os membros do grupo est\u00e3o preparando uma s\u00e9rie de homenagens a todos os amigos que ajudaram a construir a hist\u00f3ria do bloco.<\/p>\n\n\n\n<p>&#8220;A gente j\u00e1 convidou todos os jornalistas que foram, em algum momento, mestre-sala e porta-bandeira do bloco. Eles v\u00e3o se revezar com a bandeira ao longo do desfile. Tamb\u00e9m vamos cantar v\u00e1rios sambas que fizeram sucesso nas nossas festas e teremos uma concentra\u00e7\u00e3o com dois DJs, o Ciro e o JP, que \u00e9 primeiro DJ com S\u00edndrome de Down. E ainda estamos bolando v\u00e1rias homenagens e outras coisas que teremos ao longo do desfile&#8221;, revela.<\/p>\n\n\n\n<p><strong>HIST\u00d3RIA <\/strong>&#8211; O Imprensa, como \u00e9 carinhosamente chamado, foi fundado em 1995 por um grupo de 20 jornalistas que se reunia no Mercadinho S\u00e3o Jos\u00e9, em Laranjeiras, ap\u00f3s os plant\u00f5es. Anos depois, o bloco cresceu e passou a desfilar pelo Largo do Machado, posteriormente ampliando o trajeto at\u00e9 o tradicional Caf\u00e9 Lamas, na Rua Marqu\u00eas de Abrantes, no Flamengo.<\/p>\n\n\n\n<p><em>Fonte: O Dia<\/em><\/p>\n\n\n\n<figure class=\"wp-block-image size-full\"><img decoding=\"async\" width=\"251\" height=\"88\" src=\"https:\/\/sgvaimudar.com.br\/wp-content\/uploads\/2023\/08\/Logo.png\" alt=\"\" class=\"wp-image-2738\" \/><\/figure>\n","protected":false},"excerpt":{"rendered":"<p>Despedida vai celebrar os 30 anos de folia com grande corteio O tradicional bloco Imprensa Que Eu Gamo far\u00e1 seu&hellip;<\/p>\n","protected":false},"author":5,"featured_media":17543,"comment_status":"open","ping_status":"open","sticky":false,"template":"","format":"standard","meta":{"fifu_image_url":"","fifu_image_alt":"","footnotes":""},"categories":[6],"tags":[],"class_list":["post-17542","post","type-post","status-publish","format-standard","has-post-thumbnail","hentry","category-entretenimento"],"_links":{"self":[{"href":"https:\/\/sgvaimudar.com.br\/index.php\/wp-json\/wp\/v2\/posts\/17542","targetHints":{"allow":["GET"]}}],"collection":[{"href":"https:\/\/sgvaimudar.com.br\/index.php\/wp-json\/wp\/v2\/posts"}],"about":[{"href":"https:\/\/sgvaimudar.com.br\/index.php\/wp-json\/wp\/v2\/types\/post"}],"author":[{"embeddable":true,"href":"https:\/\/sgvaimudar.com.br\/index.php\/wp-json\/wp\/v2\/users\/5"}],"replies":[{"embeddable":true,"href":"https:\/\/sgvaimudar.com.br\/index.php\/wp-json\/wp\/v2\/comments?post=17542"}],"version-history":[{"count":1,"href":"https:\/\/sgvaimudar.com.br\/index.php\/wp-json\/wp\/v2\/posts\/17542\/revisions"}],"predecessor-version":[{"id":17544,"href":"https:\/\/sgvaimudar.com.br\/index.php\/wp-json\/wp\/v2\/posts\/17542\/revisions\/17544"}],"wp:featuredmedia":[{"embeddable":true,"href":"https:\/\/sgvaimudar.com.br\/index.php\/wp-json\/wp\/v2\/media\/17543"}],"wp:attachment":[{"href":"https:\/\/sgvaimudar.com.br\/index.php\/wp-json\/wp\/v2\/media?parent=17542"}],"wp:term":[{"taxonomy":"category","embeddable":true,"href":"https:\/\/sgvaimudar.com.br\/index.php\/wp-json\/wp\/v2\/categories?post=17542"},{"taxonomy":"post_tag","embeddable":true,"href":"https:\/\/sgvaimudar.com.br\/index.php\/wp-json\/wp\/v2\/tags?post=17542"}],"curies":[{"name":"wp","href":"https:\/\/api.w.org\/{rel}","templated":true}]}}