{"id":17484,"date":"2024-12-22T10:59:00","date_gmt":"2024-12-22T13:59:00","guid":{"rendered":"https:\/\/sgvaimudar.com.br\/?p=17484"},"modified":"2024-12-22T10:39:29","modified_gmt":"2024-12-22T13:39:29","slug":"moradores-de-piratininga-fazem-protesto-devido-a-falta-de-luz-apos-temporal-na-regiao","status":"publish","type":"post","link":"https:\/\/sgvaimudar.com.br\/index.php\/2024\/12\/22\/moradores-de-piratininga-fazem-protesto-devido-a-falta-de-luz-apos-temporal-na-regiao\/","title":{"rendered":"Moradores de Piratininga fazem protesto devido a falta de luz ap\u00f3s temporal na regi\u00e3o"},"content":{"rendered":"\n<p><em>Segundo a concession\u00e1ria Enel, as fortes chuvas, acompanhadas de descargas atmosf\u00e9ricas e rajadas de vento, impactaram o servi\u00e7o em v\u00e1rias localidades<\/em><\/p>\n\n\n\n<p>Os moradores de v\u00e1rios munic\u00edpios do Rio ficaram sem energia na noite de s\u00e1bado (18), quando um temporal com ventania e raios provocou estragos.<\/p>\n\n\n\n<p>Segundo a concession\u00e1ria Enel Distribui\u00e7\u00e3o Rio, a chuva causou &#8220;danos severos \u00e0 rede el\u00e9trica&#8221;, e as cidades mais afetadas foram&nbsp;Niter\u00f3i, Maric\u00e1, S\u00e3o Gon\u00e7alo, Maric\u00e1, Duque de Caxias, Mag\u00e9 e outras \u00e1reas da Regi\u00e3o Sul do estado<\/p>\n\n\n\n<p>At\u00e9 o&nbsp;in\u00edcio da manh\u00e3 deste s\u00e1bado (21\/12), clientes reclamavam da falta de energia. Segundo a Enel, em&#8221;diversos pontos os ventos derrubaram \u00e1rvores e galhos, danificando trechos da rede el\u00e9trica&#8221;. <\/p>\n\n\n\n<p>A Enel tamb\u00e9m afirmou &#8220;ter acionado imediatamente seu plano de emerg\u00eancia e refor\u00e7ado as equipes de campo para realizar os reparos necess\u00e1rios e restabelecer o servi\u00e7o o mais rapidamente poss\u00edvel. Manobras remotas tamb\u00e9m est\u00e3o sendo realizadas para reduzir o n\u00famero de clientes sem energia&#8221;.<\/p>\n\n\n\n<p>A falta de restabelecimento do fornecimento de energia em algumas \u00e1reas afetadas teve confus\u00e3o. Em S\u00e3o Gon\u00e7alo e Niter\u00f3i, quando os moradores das regi\u00f5es de Piratininga, na Regi\u00e3o Oce\u00e2nica, do Sap\u00ea, em Pendotiba e Maria Paula, em S\u00e3o Gon\u00e7alo, se cansaram de ficar sem luz, eles protestaram nas ruas.<\/p>\n\n\n\n<p>Segundo a PM, na Rua Dr. March, na altura do n\u00famero 986, em Tenente Jardim, em S\u00e3o Gon\u00e7alo, uma guarni\u00e7\u00e3o foi solicitada para atuar em uma desobstru\u00e7\u00e3o da via fechada por por populares, alegando a a\u00e7\u00e3o devido a falta de energia el\u00e9trica por parte da prestadora de servi\u00e7o.<\/p>\n\n\n\n<p>De acordo com os militares foram a pr\u00f3pria equipe da pol\u00edcia, juntamente com alguns agentes das Patamos que iniciaram a limpeza da via.<\/p>\n\n\n\n<p>&#8220;Haviam alguns poucos pneus em chamas, onde o corpo de bombeiros fez cessar e a via foi totalmente desobstru\u00edda com sucesso, \u00e0s 2h20 da madrugada deste s\u00e1bado (21\/12).<\/p>\n\n\n\n<p>Conforme a ocorr\u00eancia, a equipe de Supervis\u00e3o de Graduado esteve no local orientando os moradores e colaborando com a a\u00e7\u00e3o. <\/p>\n\n\n\n<p><strong><em><sup>S\u00e3o Gon\u00e7alo Vai Mudar. O Maior Portal da Cidade.<\/sup><\/em><\/strong><\/p>\n\n\n\n<figure class=\"wp-block-image size-full\"><img decoding=\"async\" width=\"251\" height=\"88\" src=\"https:\/\/sgvaimudar.com.br\/wp-content\/uploads\/2023\/08\/Logo.png\" alt=\"\" class=\"wp-image-2738\" \/><\/figure>\n","protected":false},"excerpt":{"rendered":"<p>Segundo a concession\u00e1ria Enel, as fortes chuvas, acompanhadas de descargas atmosf\u00e9ricas e rajadas de vento, impactaram o servi\u00e7o em v\u00e1rias&hellip;<\/p>\n","protected":false},"author":5,"featured_media":17485,"comment_status":"open","ping_status":"open","sticky":false,"template":"","format":"standard","meta":{"fifu_image_url":"","fifu_image_alt":"","footnotes":""},"categories":[32],"tags":[],"class_list":["post-17484","post","type-post","status-publish","format-standard","has-post-thumbnail","hentry","category-casos-de-policia"],"_links":{"self":[{"href":"https:\/\/sgvaimudar.com.br\/index.php\/wp-json\/wp\/v2\/posts\/17484","targetHints":{"allow":["GET"]}}],"collection":[{"href":"https:\/\/sgvaimudar.com.br\/index.php\/wp-json\/wp\/v2\/posts"}],"about":[{"href":"https:\/\/sgvaimudar.com.br\/index.php\/wp-json\/wp\/v2\/types\/post"}],"author":[{"embeddable":true,"href":"https:\/\/sgvaimudar.com.br\/index.php\/wp-json\/wp\/v2\/users\/5"}],"replies":[{"embeddable":true,"href":"https:\/\/sgvaimudar.com.br\/index.php\/wp-json\/wp\/v2\/comments?post=17484"}],"version-history":[{"count":2,"href":"https:\/\/sgvaimudar.com.br\/index.php\/wp-json\/wp\/v2\/posts\/17484\/revisions"}],"predecessor-version":[{"id":17487,"href":"https:\/\/sgvaimudar.com.br\/index.php\/wp-json\/wp\/v2\/posts\/17484\/revisions\/17487"}],"wp:featuredmedia":[{"embeddable":true,"href":"https:\/\/sgvaimudar.com.br\/index.php\/wp-json\/wp\/v2\/media\/17485"}],"wp:attachment":[{"href":"https:\/\/sgvaimudar.com.br\/index.php\/wp-json\/wp\/v2\/media?parent=17484"}],"wp:term":[{"taxonomy":"category","embeddable":true,"href":"https:\/\/sgvaimudar.com.br\/index.php\/wp-json\/wp\/v2\/categories?post=17484"},{"taxonomy":"post_tag","embeddable":true,"href":"https:\/\/sgvaimudar.com.br\/index.php\/wp-json\/wp\/v2\/tags?post=17484"}],"curies":[{"name":"wp","href":"https:\/\/api.w.org\/{rel}","templated":true}]}}