{"id":17475,"date":"2024-12-22T09:48:04","date_gmt":"2024-12-22T12:48:04","guid":{"rendered":"https:\/\/sgvaimudar.com.br\/?p=17475"},"modified":"2024-12-22T09:48:05","modified_gmt":"2024-12-22T12:48:05","slug":"mortes-confirmadas-no-acidente-em-rodovia-de-minas-chegam-a-38","status":"publish","type":"post","link":"https:\/\/sgvaimudar.com.br\/index.php\/2024\/12\/22\/mortes-confirmadas-no-acidente-em-rodovia-de-minas-chegam-a-38\/","title":{"rendered":"Mortes confirmadas no acidente em rodovia de Minas chegam a 38"},"content":{"rendered":"\n<p><span style=\"font-size: 16px;text-align: center;, Inter, sans-serif\"><em>\u00d4nibus e caminh\u00e3o se chocaram na madrugada deste s\u00e1bado (21)<\/em><\/span><div class=\"subheader\" style=\", Inter, sans-serif;margin: 8px 30px 16px;align-items: flex-start;justify-content: space-between;font-size: medium\"><div class=\"container-autoria\" style=\"margin-right: 16px\"><\/div><\/div><\/p>\n\n\n\n<p>O n\u00famero de mortos na colis\u00e3o de um \u00f4nibus com uma carreta, na BR-116, em Minas Gerais, na madrugada deste s\u00e1bado (21), chegou a 38, segundo o Corpo de Bombeiros. O acidente ocorreu por volta das 3h na altura da cidade de&nbsp;Te\u00f3filo Otoni.<img decoding=\"async\" src=\"https:\/\/agenciabrasil.ebc.com.br\/ebc.png?id=1624688&amp;o=node\"><img decoding=\"async\" src=\"https:\/\/agenciabrasil.ebc.com.br\/ebc.gif?id=1624688&amp;o=node\"><\/p>\n\n\n\n<p>Segundo os bombeiros, 37 corpos j\u00e1 foram encaminhados ao Instituto M\u00e9dico Legal (IML). Uma 38\u00aa v\u00edtima morreu no hospital.<\/p>\n\n\n\n<p>De acordo com informa\u00e7\u00f5es preliminares da Pol\u00edcia Rodovi\u00e1ria Federal (PRF), &nbsp;o acidente ocorreu depois que um grande bloco de granito, que era transportado pela&nbsp;carreta, se soltou e se chocou com um \u00f4nibus de viagem, que seguia em sentido contr\u00e1rio.<\/p>\n\n\n\n<p>Ap\u00f3s o impacto da rocha, segundo a PRF, o \u00f4nibus se incendiou. Um carro tamb\u00e9m se chocou contra a carreta e seus tr\u00eas ocupantes ficaram gravemente feridos.<\/p>\n\n\n\n<p>A PRF acredita que o n\u00famero de mortos pode ser maior, uma vez que o inc\u00eandio dificulta a localiza\u00e7\u00e3o de v\u00edtimas nos destro\u00e7os.<\/p>\n\n\n\n<p><em>Em atualiza\u00e7\u00e3o<\/em><\/p>\n\n\n\n<figure class=\"wp-block-image size-full\"><img decoding=\"async\" width=\"251\" height=\"88\" src=\"https:\/\/sgvaimudar.com.br\/wp-content\/uploads\/2023\/08\/Logo.png\" alt=\"\" class=\"wp-image-2738\" \/><\/figure>\n","protected":false},"excerpt":{"rendered":"<p>\u00d4nibus e caminh\u00e3o se chocaram na madrugada deste s\u00e1bado (21) O n\u00famero de mortos na colis\u00e3o de um \u00f4nibus com&hellip;<\/p>\n","protected":false},"author":5,"featured_media":17476,"comment_status":"open","ping_status":"open","sticky":false,"template":"","format":"standard","meta":{"fifu_image_url":"","fifu_image_alt":"","footnotes":""},"categories":[32],"tags":[],"class_list":["post-17475","post","type-post","status-publish","format-standard","has-post-thumbnail","hentry","category-casos-de-policia"],"_links":{"self":[{"href":"https:\/\/sgvaimudar.com.br\/index.php\/wp-json\/wp\/v2\/posts\/17475","targetHints":{"allow":["GET"]}}],"collection":[{"href":"https:\/\/sgvaimudar.com.br\/index.php\/wp-json\/wp\/v2\/posts"}],"about":[{"href":"https:\/\/sgvaimudar.com.br\/index.php\/wp-json\/wp\/v2\/types\/post"}],"author":[{"embeddable":true,"href":"https:\/\/sgvaimudar.com.br\/index.php\/wp-json\/wp\/v2\/users\/5"}],"replies":[{"embeddable":true,"href":"https:\/\/sgvaimudar.com.br\/index.php\/wp-json\/wp\/v2\/comments?post=17475"}],"version-history":[{"count":1,"href":"https:\/\/sgvaimudar.com.br\/index.php\/wp-json\/wp\/v2\/posts\/17475\/revisions"}],"predecessor-version":[{"id":17477,"href":"https:\/\/sgvaimudar.com.br\/index.php\/wp-json\/wp\/v2\/posts\/17475\/revisions\/17477"}],"wp:featuredmedia":[{"embeddable":true,"href":"https:\/\/sgvaimudar.com.br\/index.php\/wp-json\/wp\/v2\/media\/17476"}],"wp:attachment":[{"href":"https:\/\/sgvaimudar.com.br\/index.php\/wp-json\/wp\/v2\/media?parent=17475"}],"wp:term":[{"taxonomy":"category","embeddable":true,"href":"https:\/\/sgvaimudar.com.br\/index.php\/wp-json\/wp\/v2\/categories?post=17475"},{"taxonomy":"post_tag","embeddable":true,"href":"https:\/\/sgvaimudar.com.br\/index.php\/wp-json\/wp\/v2\/tags?post=17475"}],"curies":[{"name":"wp","href":"https:\/\/api.w.org\/{rel}","templated":true}]}}