{"id":17464,"date":"2024-12-22T08:01:00","date_gmt":"2024-12-22T11:01:00","guid":{"rendered":"https:\/\/sgvaimudar.com.br\/?p=17464"},"modified":"2024-12-22T06:23:01","modified_gmt":"2024-12-22T09:23:01","slug":"policia-civil-por-dna-esclarece-dois-estupros-de-vulneraveis-no-rio","status":"publish","type":"post","link":"https:\/\/sgvaimudar.com.br\/index.php\/2024\/12\/22\/policia-civil-por-dna-esclarece-dois-estupros-de-vulneraveis-no-rio\/","title":{"rendered":"Pol\u00edcia Civil por DNA esclarece dois estupros de vulner\u00e1veis no Rio"},"content":{"rendered":"\n<p>Criminoso foi preso na Regi\u00e3o Serrana<\/p>\n\n\n\n<p>Um homem, de 33 anos, foi preso nesta sexta-feira (20) na divisa entre Teres\u00f3polis e Nova Friburgo, na Regi\u00e3o Serrana do Rio. A pris\u00e3o foi realizada por policiais da 110\u00aa DP (Teres\u00f3polis) ap\u00f3s a compara\u00e7\u00e3o do material gen\u00e9tico do suspeito com amostras armazenadas no Banco Estadual de Perfis Gen\u00e9ticos, que revelou seu envolvimento em dois casos de estupro contra vulner\u00e1veis.<\/p>\n\n\n\n<p>O caso come\u00e7ou a ser investigado ap\u00f3s um crime ocorrido em setembro de 2023, quando uma menina de 13 anos foi violentada por um homem que invadiu a casa onde ela cuidava de seus dois irm\u00e3os mais novos.<\/p>\n\n\n\n<p>Durante o ataque, um dos irm\u00e3os entrou em luta corporal com o criminoso, mas o homem conseguiu levar a menina para uma \u00e1rea de mata, onde o crime ocorreu. A v\u00edtima foi socorrida por vizinhos.<\/p>\n\n\n\n<p>A investiga\u00e7\u00e3o se intensificou com o apoio do Instituto de Pesquisa e Per\u00edcias em Gen\u00e9tica Forense (IPPGF), que coletou material gen\u00e9tico da v\u00edtima e o inseriu no Banco Estadual de Perfis Gen\u00e9ticos.<\/p>\n\n\n\n<p>A an\u00e1lise revelou que o mesmo homem que agrediu a menina em Teres\u00f3polis havia cometido um crime semelhante em Bom Jardim, na mesma regi\u00e3o, no mesmo ano. Esse caso havia sido arquivado devido \u00e0 falta de provas.<\/p>\n\n\n\n<p>Ap\u00f3s a identifica\u00e7\u00e3o do preso como o principal suspeito, a pol\u00edcia iniciou a coleta de material gen\u00e9tico dele para confirma\u00e7\u00e3o. O homem foi chamado para depor, mas negou ser o autor das agress\u00f5es.<\/p>\n\n\n\n<p>A coleta do material gen\u00e9tico foi realizada com amostras de saliva, e o exame confirmou que o DNA encontrado nas v\u00edtimas era compat\u00edvel com o do suspeito.<\/p>\n\n\n\n<p>Al\u00e9m disso, a pol\u00edcia fez uma an\u00e1lise adicional do sangue encontrado na \u00e1rea onde a agress\u00e3o aconteceu, e os resultados tamb\u00e9m apontaram para o mesmo indiv\u00edduo.<\/p>\n\n\n\n<p>Durante os depoimentos, o delegado M\u00e1rcio Dubugras explicou que o suspeito agia de maneira similar em todos os crimes: ele desligava o disjuntor de luz das casas e entrava para atacar as v\u00edtimas, aproveitando-se da aus\u00eancia dos pais.<\/p>\n\n\n\n<p>Os investigadores descobriram que o criminoso se mudava para bairros pr\u00f3ximos \u00e0s casas das v\u00edtimas, estudava a rotina delas e, em seguida, cometia os ataques.<\/p>\n\n\n\n<p>As investiga\u00e7\u00f5es seguem, a fim de comprovar a autoria do criminoso em outros estupros que est\u00e3o sendo apurados, al\u00e9m de verificar a possibilidade de outros abusos praticados por ele.<\/p>\n\n\n\n<p><em>Fonte: enfoco<\/em><\/p>\n\n\n\n<figure class=\"wp-block-image size-full\"><img decoding=\"async\" width=\"251\" height=\"88\" src=\"https:\/\/sgvaimudar.com.br\/wp-content\/uploads\/2023\/08\/Logo.png\" alt=\"\" class=\"wp-image-2738\" \/><\/figure>\n","protected":false},"excerpt":{"rendered":"<p>Criminoso foi preso na Regi\u00e3o Serrana Um homem, de 33 anos, foi preso nesta sexta-feira (20) na divisa entre Teres\u00f3polis&hellip;<\/p>\n","protected":false},"author":5,"featured_media":14386,"comment_status":"open","ping_status":"open","sticky":false,"template":"","format":"standard","meta":{"fifu_image_url":"","fifu_image_alt":"","footnotes":""},"categories":[32],"tags":[],"class_list":["post-17464","post","type-post","status-publish","format-standard","has-post-thumbnail","hentry","category-casos-de-policia"],"_links":{"self":[{"href":"https:\/\/sgvaimudar.com.br\/index.php\/wp-json\/wp\/v2\/posts\/17464","targetHints":{"allow":["GET"]}}],"collection":[{"href":"https:\/\/sgvaimudar.com.br\/index.php\/wp-json\/wp\/v2\/posts"}],"about":[{"href":"https:\/\/sgvaimudar.com.br\/index.php\/wp-json\/wp\/v2\/types\/post"}],"author":[{"embeddable":true,"href":"https:\/\/sgvaimudar.com.br\/index.php\/wp-json\/wp\/v2\/users\/5"}],"replies":[{"embeddable":true,"href":"https:\/\/sgvaimudar.com.br\/index.php\/wp-json\/wp\/v2\/comments?post=17464"}],"version-history":[{"count":2,"href":"https:\/\/sgvaimudar.com.br\/index.php\/wp-json\/wp\/v2\/posts\/17464\/revisions"}],"predecessor-version":[{"id":17469,"href":"https:\/\/sgvaimudar.com.br\/index.php\/wp-json\/wp\/v2\/posts\/17464\/revisions\/17469"}],"wp:featuredmedia":[{"embeddable":true,"href":"https:\/\/sgvaimudar.com.br\/index.php\/wp-json\/wp\/v2\/media\/14386"}],"wp:attachment":[{"href":"https:\/\/sgvaimudar.com.br\/index.php\/wp-json\/wp\/v2\/media?parent=17464"}],"wp:term":[{"taxonomy":"category","embeddable":true,"href":"https:\/\/sgvaimudar.com.br\/index.php\/wp-json\/wp\/v2\/categories?post=17464"},{"taxonomy":"post_tag","embeddable":true,"href":"https:\/\/sgvaimudar.com.br\/index.php\/wp-json\/wp\/v2\/tags?post=17464"}],"curies":[{"name":"wp","href":"https:\/\/api.w.org\/{rel}","templated":true}]}}