{"id":17455,"date":"2024-12-21T21:00:00","date_gmt":"2024-12-22T00:00:00","guid":{"rendered":"https:\/\/sgvaimudar.com.br\/?p=17455"},"modified":"2024-12-21T10:12:19","modified_gmt":"2024-12-21T13:12:19","slug":"mutirao-da-catarata-busca-zerar-filas-de-cirurgia-em-itaborai","status":"publish","type":"post","link":"https:\/\/sgvaimudar.com.br\/index.php\/2024\/12\/21\/mutirao-da-catarata-busca-zerar-filas-de-cirurgia-em-itaborai\/","title":{"rendered":"Mutir\u00e3o da Catarata busca zerar filas de cirurgia em Itabora\u00ed"},"content":{"rendered":"\n<p><em>As cirurgias est\u00e3o sendo agendadas para os dias 8, 10 e 12 de janeiro de 2025<\/em><\/p>\n\n\n\n<p>A Prefeitura de Itabora\u00ed, com o objetivo de zerar as filas para cirurgias, por meio da Secretaria Municipal de Sa\u00fade (Semsa), vai realizar o Mutir\u00e3o da Catarata. As consultas pr\u00e9-operat\u00f3rias come\u00e7aram nesta sexta-feira (20\/12) e v\u00e3o at\u00e9 a segunda-feira (23\/12), no Centro de Especialidades de Sa\u00fade de Itabora\u00ed (Cesi), em Quissam\u00e3. <\/p>\n\n\n\n<figure class=\"wp-block-image size-large\"><img fetchpriority=\"high\" decoding=\"async\" width=\"1024\" height=\"769\" src=\"https:\/\/sgvaimudar.com.br\/wp-content\/uploads\/2024\/12\/Mutirao-da-Catarata-busca-zerar-filas-de-cirurgia-em-Itaborai-4-1024x769.jpeg\" alt=\"\" class=\"wp-image-17456\" srcset=\"https:\/\/sgvaimudar.com.br\/wp-content\/uploads\/2024\/12\/Mutirao-da-Catarata-busca-zerar-filas-de-cirurgia-em-Itaborai-4-1024x769.jpeg 1024w, https:\/\/sgvaimudar.com.br\/wp-content\/uploads\/2024\/12\/Mutirao-da-Catarata-busca-zerar-filas-de-cirurgia-em-Itaborai-4-300x225.jpeg 300w, https:\/\/sgvaimudar.com.br\/wp-content\/uploads\/2024\/12\/Mutirao-da-Catarata-busca-zerar-filas-de-cirurgia-em-Itaborai-4-768x576.jpeg 768w, https:\/\/sgvaimudar.com.br\/wp-content\/uploads\/2024\/12\/Mutirao-da-Catarata-busca-zerar-filas-de-cirurgia-em-Itaborai-4-1536x1153.jpeg 1536w, https:\/\/sgvaimudar.com.br\/wp-content\/uploads\/2024\/12\/Mutirao-da-Catarata-busca-zerar-filas-de-cirurgia-em-Itaborai-4.jpeg 1600w\" sizes=\"(max-width: 1024px) 100vw, 1024px\" \/><\/figure>\n\n\n\n<p>No Cesi, os pacientes passam por etapas no atendimento. No primeiro atendimento, os profissionais realizam a abertura de prontu\u00e1rio do candidato \u00e0 cirurgia. Na segunda etapa, os pacientes passam por uma bateria de exames, como: Tonometria (Tono), que avalia a press\u00e3o ocular; Refratometria Autom\u00e1tica (AR), que avalia o grau do olho; Ecobiometria (Eco Bi), que avalia a lente do olho; Microscopia Especular da C\u00f3rnea (MEC), que avalia a c\u00f3rnea \u00a0e Potencial de Acuidade Visual (PAM), que regula o grau ocular.<\/p>\n\n\n\n<p>O secret\u00e1rio municipal de Sa\u00fade, H\u00e9dio Mataruna, destacou a import\u00e2ncia da iniciativa e o compromisso de oferecer uma sa\u00fade digna para a popula\u00e7\u00e3o de Itabora\u00ed.<\/p>\n\n\n\n<p>\u201cEsse mutir\u00e3o \u00e9 um marco na nossa gest\u00e3o, pois visa devolver qualidade de vida \u00e0s pessoas que enfrentam dificuldades de vis\u00e3o por conta da catarata. Estamos trabalhando para que todos os pacientes tenham um atendimento r\u00e1pido e eficiente, reduzindo significativamente o tempo de espera. J\u00e1 avan\u00e7amos muito at\u00e9 aqui, mas o trabalho continua para que cada dia mais a nossa Sa\u00fade seja refer\u00eancia e um exemplo a ser seguido\u201d, expressou o secret\u00e1rio.<\/p>\n\n\n\n<p>Em uma terceira etapa, os candidatos \u00e0 cirurgia passam por uma consulta com uma m\u00e9dica oftalmologista, que avaliar\u00e1 a situa\u00e7\u00e3o do paciente, examinando se h\u00e1 dilata\u00e7\u00e3o caracter\u00edstica ou outras les\u00f5es. S\u00e3o realizados exames como fundo de olho, biomicroscopia e ultrassonografia para determinar as caracter\u00edsticas da catarata e a necessidade da cirurgia. Dependendo dos resultados dessa avalia\u00e7\u00e3o, o paciente j\u00e1 sai desta etapa com a data para a realiza\u00e7\u00e3o da cirurgia determinada.<\/p>\n\n\n\n<p>Com a data para cirurgia definida, o paciente passa por exames laboratoriais e um eletrocardiograma, para avaliar o risco cir\u00fargico. Vale destacar que todas essas etapas acontecem no mesmo dia, evitando que o paciente precise se deslocar v\u00e1rias vezes at\u00e9 a marca\u00e7\u00e3o do procedimento.<\/p>\n\n\n\n<p>O subsecret\u00e1rio da Aten\u00e7\u00e3o Especializada, Jos\u00e9 Luiz Medeiros, explicou o que \u00e9 a catarata e que esse \u00e9 um problema com r\u00e1pida solu\u00e7\u00e3o.<\/p>\n\n\n\n<p>\u201cA catarata \u00e9 uma doen\u00e7a que atinge a vis\u00e3o, acometendo principalmente pessoas idosas, tornando a vis\u00e3o opaca. A solu\u00e7\u00e3o \u00e9 simples e dura de 10 a 15 minutos, com alta no mesmo dia, evitando a cegueira. Atualmente, Itabora\u00ed conta com 1.100 pessoas cadastradas para a cirurgia, aguardando na fila da Central de Regula\u00e7\u00e3o. Por\u00e9m, \u00e9 importante informar que nem todas estar\u00e3o aptas para a cirurgia, dependendo da avalia\u00e7\u00e3o m\u00e9dica\u201d, ressaltou o subsecret\u00e1rio.<\/p>\n\n\n\n<p>Ao todo, 140 pacientes ser\u00e3o atendidos por dia, totalizando 560 atendimentos durante os quatro dias de consultas pr\u00e9-operat\u00f3rias. \u00c9 importante destacar que as pessoas que est\u00e3o passando pelo processo pr\u00e9-operat\u00f3rio foram encaminhadas pelas Unidades de Sa\u00fade da cidade, atrav\u00e9s da Central de Regula\u00e7\u00e3o do munic\u00edpio.<\/p>\n\n\n\n<p>Margarida Maria Fernandes, de 66 anos, \u00e9 uma das pacientes que ir\u00e1 realizar a cirurgia no pr\u00f3ximo m\u00eas. A moradora do bairro Santo Ant\u00f4nio expressou a felicidade e ansiedade para a t\u00e3o esperada cirurgia.<\/p>\n\n\n\n<p>\u201cMaravilhoso, estou amando o atendimento prestado. Estou com catarata no olho direito, e est\u00e1 avan\u00e7ando cada vez mais. Estou apreensiva e um pouco ansiosa, mas tenho certeza que vai dar tudo certo\u201d, disse a dona de casa.<\/p>\n\n\n\n<p>Esse Mutir\u00e3o da Catarata acontece atrav\u00e9s do Programa Nacional para Redu\u00e7\u00e3o de Fila Cirurgias Eletivas, lan\u00e7ado pelo Minist\u00e9rio da Sa\u00fade, que promove a redu\u00e7\u00e3o nas filas de cirurgia por meio da libera\u00e7\u00e3o de recursos.<\/p>\n\n\n\n<p><strong><em>#sgvaimudar<\/em><\/strong><\/p>\n\n\n\n<figure class=\"wp-block-image size-full\"><img decoding=\"async\" width=\"251\" height=\"88\" src=\"https:\/\/sgvaimudar.com.br\/wp-content\/uploads\/2023\/08\/Logo.png\" alt=\"\" class=\"wp-image-2738\" \/><\/figure>\n","protected":false},"excerpt":{"rendered":"<p>As cirurgias est\u00e3o sendo agendadas para os dias 8, 10 e 12 de janeiro de 2025 A Prefeitura de Itabora\u00ed,&hellip;<\/p>\n","protected":false},"author":5,"featured_media":17457,"comment_status":"open","ping_status":"open","sticky":false,"template":"","format":"standard","meta":{"fifu_image_url":"","fifu_image_alt":"","footnotes":""},"categories":[7],"tags":[],"class_list":["post-17455","post","type-post","status-publish","format-standard","has-post-thumbnail","hentry","category-saude"],"_links":{"self":[{"href":"https:\/\/sgvaimudar.com.br\/index.php\/wp-json\/wp\/v2\/posts\/17455","targetHints":{"allow":["GET"]}}],"collection":[{"href":"https:\/\/sgvaimudar.com.br\/index.php\/wp-json\/wp\/v2\/posts"}],"about":[{"href":"https:\/\/sgvaimudar.com.br\/index.php\/wp-json\/wp\/v2\/types\/post"}],"author":[{"embeddable":true,"href":"https:\/\/sgvaimudar.com.br\/index.php\/wp-json\/wp\/v2\/users\/5"}],"replies":[{"embeddable":true,"href":"https:\/\/sgvaimudar.com.br\/index.php\/wp-json\/wp\/v2\/comments?post=17455"}],"version-history":[{"count":1,"href":"https:\/\/sgvaimudar.com.br\/index.php\/wp-json\/wp\/v2\/posts\/17455\/revisions"}],"predecessor-version":[{"id":17458,"href":"https:\/\/sgvaimudar.com.br\/index.php\/wp-json\/wp\/v2\/posts\/17455\/revisions\/17458"}],"wp:featuredmedia":[{"embeddable":true,"href":"https:\/\/sgvaimudar.com.br\/index.php\/wp-json\/wp\/v2\/media\/17457"}],"wp:attachment":[{"href":"https:\/\/sgvaimudar.com.br\/index.php\/wp-json\/wp\/v2\/media?parent=17455"}],"wp:term":[{"taxonomy":"category","embeddable":true,"href":"https:\/\/sgvaimudar.com.br\/index.php\/wp-json\/wp\/v2\/categories?post=17455"},{"taxonomy":"post_tag","embeddable":true,"href":"https:\/\/sgvaimudar.com.br\/index.php\/wp-json\/wp\/v2\/tags?post=17455"}],"curies":[{"name":"wp","href":"https:\/\/api.w.org\/{rel}","templated":true}]}}