{"id":17434,"date":"2024-12-21T12:00:00","date_gmt":"2024-12-21T15:00:00","guid":{"rendered":"https:\/\/sgvaimudar.com.br\/?p=17434"},"modified":"2024-12-21T09:33:15","modified_gmt":"2024-12-21T12:33:15","slug":"goncalenses-vao-ganhar-mais-duas-creches-municipais","status":"publish","type":"post","link":"https:\/\/sgvaimudar.com.br\/index.php\/2024\/12\/21\/goncalenses-vao-ganhar-mais-duas-creches-municipais\/","title":{"rendered":"Gon\u00e7alenses v\u00e3o ganhar mais duas creches municipais"},"content":{"rendered":"\n<p><em>Obras no Jardim Miriambi e no Porto do Rosa est\u00e3o adiantadas<\/em><\/p>\n\n\n\n<p>S\u00e3o Gon\u00e7alo vai ganhar, muito em breve, mais duas creches municipais, nos bairros Jardim Miriambi e Porto do Rosa. Junto com as novas creches j\u00e1 entregues nos bairros Marambaia, Almerinda e Jardim Bom Retiro, a iniciativa garante o aumento da a oferta de vagas na modalidade Educa\u00e7\u00e3o Infantil, em pontos estrat\u00e9gicos da cidade. A previs\u00e3o \u00e9 de que as obras terminem no primeiro semestre de 2025.<\/p>\n\n\n\n<figure class=\"wp-block-image size-large\"><img fetchpriority=\"high\" decoding=\"async\" width=\"1024\" height=\"684\" src=\"https:\/\/sgvaimudar.com.br\/wp-content\/uploads\/2024\/12\/unnamed-6-10-1024x684.jpg\" alt=\"\" class=\"wp-image-17435\" srcset=\"https:\/\/sgvaimudar.com.br\/wp-content\/uploads\/2024\/12\/unnamed-6-10-1024x684.jpg 1024w, https:\/\/sgvaimudar.com.br\/wp-content\/uploads\/2024\/12\/unnamed-6-10-300x200.jpg 300w, https:\/\/sgvaimudar.com.br\/wp-content\/uploads\/2024\/12\/unnamed-6-10-768x513.jpg 768w, https:\/\/sgvaimudar.com.br\/wp-content\/uploads\/2024\/12\/unnamed-6-10-1536x1027.jpg 1536w, https:\/\/sgvaimudar.com.br\/wp-content\/uploads\/2024\/12\/unnamed-6-10.jpg 1616w\" sizes=\"(max-width: 1024px) 100vw, 1024px\" \/><\/figure>\n\n\n\n<p>As instala\u00e7\u00f5es hidr\u00e1ulicas j\u00e1 est\u00e3o prontas. No Jardim Miriambi, na pr\u00f3xima semana, ser\u00e1 iniciada a coloca\u00e7\u00e3o de telhado e, al\u00e9m da creche, a comunidade vai contar com uma \u00e1rea de lazer, com quadra esportiva com grama sint\u00e9tica, playground e academia para idosos. J\u00e1 no Porto do Rosa, haver\u00e1 instala\u00e7\u00e3o da rede el\u00e9trica e acabamento com as lou\u00e7as, ar-condicionado e pintura.<\/p>\n\n\n\n<p>O projeto das novas unidades escolares \u00e9 padronizado, contando com oito salas de aula com banheiros adaptados infantis, frald\u00e1rio, cozinha, refeit\u00f3rio, salas para espa\u00e7os alternativos e toda a estrutura para atender aos alunos.<\/p>\n\n\n\n<p>As constru\u00e7\u00f5es cumprem uma das metas do Plano Estrat\u00e9gico Novos Rumos e s\u00e3o fruto de um projeto de capta\u00e7\u00e3o de recursos da Secretaria de Gest\u00e3o Integrada e Projetos Especiais (Semgipe), em parceria com a Secretaria de Educa\u00e7\u00e3o da Prefeitura de S\u00e3o Gon\u00e7alo.<\/p>\n\n\n\n<p><em>Fotos: Renan Otto<\/em><\/p>\n\n\n\n<p><strong><em><sup>#sgvaimudar<\/sup><\/em><\/strong><\/p>\n\n\n\n<figure class=\"wp-block-image size-full\"><img decoding=\"async\" width=\"317\" height=\"110\" src=\"https:\/\/sgvaimudar.com.br\/wp-content\/uploads\/2023\/08\/cropped-Logo-Provisoria-2-2.png\" alt=\"\" class=\"wp-image-2782\" srcset=\"https:\/\/sgvaimudar.com.br\/wp-content\/uploads\/2023\/08\/cropped-Logo-Provisoria-2-2.png 317w, https:\/\/sgvaimudar.com.br\/wp-content\/uploads\/2023\/08\/cropped-Logo-Provisoria-2-2-300x104.png 300w\" sizes=\"(max-width: 317px) 100vw, 317px\" \/><\/figure>\n","protected":false},"excerpt":{"rendered":"<p>Obras no Jardim Miriambi e no Porto do Rosa est\u00e3o adiantadas S\u00e3o Gon\u00e7alo vai ganhar, muito em breve, mais duas&hellip;<\/p>\n","protected":false},"author":5,"featured_media":17436,"comment_status":"open","ping_status":"open","sticky":false,"template":"","format":"standard","meta":{"fifu_image_url":"","fifu_image_alt":"","footnotes":""},"categories":[3],"tags":[],"class_list":["post-17434","post","type-post","status-publish","format-standard","has-post-thumbnail","hentry","category-sao-goncalo"],"_links":{"self":[{"href":"https:\/\/sgvaimudar.com.br\/index.php\/wp-json\/wp\/v2\/posts\/17434","targetHints":{"allow":["GET"]}}],"collection":[{"href":"https:\/\/sgvaimudar.com.br\/index.php\/wp-json\/wp\/v2\/posts"}],"about":[{"href":"https:\/\/sgvaimudar.com.br\/index.php\/wp-json\/wp\/v2\/types\/post"}],"author":[{"embeddable":true,"href":"https:\/\/sgvaimudar.com.br\/index.php\/wp-json\/wp\/v2\/users\/5"}],"replies":[{"embeddable":true,"href":"https:\/\/sgvaimudar.com.br\/index.php\/wp-json\/wp\/v2\/comments?post=17434"}],"version-history":[{"count":2,"href":"https:\/\/sgvaimudar.com.br\/index.php\/wp-json\/wp\/v2\/posts\/17434\/revisions"}],"predecessor-version":[{"id":17438,"href":"https:\/\/sgvaimudar.com.br\/index.php\/wp-json\/wp\/v2\/posts\/17434\/revisions\/17438"}],"wp:featuredmedia":[{"embeddable":true,"href":"https:\/\/sgvaimudar.com.br\/index.php\/wp-json\/wp\/v2\/media\/17436"}],"wp:attachment":[{"href":"https:\/\/sgvaimudar.com.br\/index.php\/wp-json\/wp\/v2\/media?parent=17434"}],"wp:term":[{"taxonomy":"category","embeddable":true,"href":"https:\/\/sgvaimudar.com.br\/index.php\/wp-json\/wp\/v2\/categories?post=17434"},{"taxonomy":"post_tag","embeddable":true,"href":"https:\/\/sgvaimudar.com.br\/index.php\/wp-json\/wp\/v2\/tags?post=17434"}],"curies":[{"name":"wp","href":"https:\/\/api.w.org\/{rel}","templated":true}]}}