{"id":17414,"date":"2024-12-21T07:53:18","date_gmt":"2024-12-21T10:53:18","guid":{"rendered":"https:\/\/sgvaimudar.com.br\/?p=17414"},"modified":"2024-12-21T07:53:18","modified_gmt":"2024-12-21T10:53:18","slug":"vasco-deve-faturar-mais-de-r-13-milhoes-com-a-transferencia-de-paulinho-do-atletico-mg-para-o-palmeiras","status":"publish","type":"post","link":"https:\/\/sgvaimudar.com.br\/index.php\/2024\/12\/21\/vasco-deve-faturar-mais-de-r-13-milhoes-com-a-transferencia-de-paulinho-do-atletico-mg-para-o-palmeiras\/","title":{"rendered":"Vasco deve faturar mais de R$ 13 milh\u00f5es com a transfer\u00eancia de Paulinho do Atl\u00e9tico-MG para o Palmeiras"},"content":{"rendered":"\n<p>O Palmeiras desembolsou 18 milh\u00f5es de euros (R$113 milh\u00f5es na cota\u00e7\u00e3o atual) para ter o atacante Paulinho na pr\u00f3xima temporada. O agora ex-jogador do Atletico-MG vai assinar com o Verd\u00e3o por cinco temporadas.<\/p>\n\n\n\n<p>Contudo, outro clube vai lucrar com a transfer\u00eancia do atacante para o Palmeiras. Formado nas divis\u00f5es de base do Vasco, Paulinho vai render uma boa quantia aos cofres do Gigante da Colina. Em 2018, o atacante foi vendido para Bayer Leverkusen. O clube alem\u00e3o comprou 90% dos direitos econ\u00f4micos do jogador. O Cruzmaltino manteve 10%.<\/p>\n\n\n\n<p>Al\u00e9m disso, por ser o clube formador de Paulinho, o Vasco vai receber mais 2% pelo mecanismo de solidariedade. Com isso, o Gigante da Colina pode arrecadar mais de R$13 milh\u00f5es com a transfer\u00eancia do jogador para o Palmeiras. Al\u00e9m disso, o Bayer Leverkusen e o pr\u00f3prio Atl\u00e9tico-MG v\u00e3o receber percentuais do mecanismo de solidariedade.<\/p>\n\n\n\n<p>Paulinho \u00e9 a segunda contrata\u00e7\u00e3o do Palmeiras para a temporada. O Verd\u00e3o fechou com o atacante uruguaio Facundo Torres, nesta sexta-feira (20).<\/p>\n\n\n\n<p><em>Fonte: RTI Esporte<\/em><\/p>\n\n\n\n<p><strong><em>#sgvaimudar<\/em><\/strong><\/p>\n\n\n\n<figure class=\"wp-block-image size-full\"><img decoding=\"async\" width=\"317\" height=\"110\" src=\"https:\/\/sgvaimudar.com.br\/wp-content\/uploads\/2023\/08\/cropped-Logo-Provisoria-2-2.png\" alt=\"\" class=\"wp-image-2782\" srcset=\"https:\/\/sgvaimudar.com.br\/wp-content\/uploads\/2023\/08\/cropped-Logo-Provisoria-2-2.png 317w, https:\/\/sgvaimudar.com.br\/wp-content\/uploads\/2023\/08\/cropped-Logo-Provisoria-2-2-300x104.png 300w\" sizes=\"(max-width: 317px) 100vw, 317px\" \/><\/figure>\n","protected":false},"excerpt":{"rendered":"<p>O Palmeiras desembolsou 18 milh\u00f5es de euros (R$113 milh\u00f5es na cota\u00e7\u00e3o atual) para ter o atacante Paulinho na pr\u00f3xima temporada.&hellip;<\/p>\n","protected":false},"author":5,"featured_media":17415,"comment_status":"open","ping_status":"open","sticky":false,"template":"","format":"standard","meta":{"fifu_image_url":"","fifu_image_alt":"","footnotes":""},"categories":[5],"tags":[],"class_list":["post-17414","post","type-post","status-publish","format-standard","has-post-thumbnail","hentry","category-esportes"],"_links":{"self":[{"href":"https:\/\/sgvaimudar.com.br\/index.php\/wp-json\/wp\/v2\/posts\/17414","targetHints":{"allow":["GET"]}}],"collection":[{"href":"https:\/\/sgvaimudar.com.br\/index.php\/wp-json\/wp\/v2\/posts"}],"about":[{"href":"https:\/\/sgvaimudar.com.br\/index.php\/wp-json\/wp\/v2\/types\/post"}],"author":[{"embeddable":true,"href":"https:\/\/sgvaimudar.com.br\/index.php\/wp-json\/wp\/v2\/users\/5"}],"replies":[{"embeddable":true,"href":"https:\/\/sgvaimudar.com.br\/index.php\/wp-json\/wp\/v2\/comments?post=17414"}],"version-history":[{"count":1,"href":"https:\/\/sgvaimudar.com.br\/index.php\/wp-json\/wp\/v2\/posts\/17414\/revisions"}],"predecessor-version":[{"id":17416,"href":"https:\/\/sgvaimudar.com.br\/index.php\/wp-json\/wp\/v2\/posts\/17414\/revisions\/17416"}],"wp:featuredmedia":[{"embeddable":true,"href":"https:\/\/sgvaimudar.com.br\/index.php\/wp-json\/wp\/v2\/media\/17415"}],"wp:attachment":[{"href":"https:\/\/sgvaimudar.com.br\/index.php\/wp-json\/wp\/v2\/media?parent=17414"}],"wp:term":[{"taxonomy":"category","embeddable":true,"href":"https:\/\/sgvaimudar.com.br\/index.php\/wp-json\/wp\/v2\/categories?post=17414"},{"taxonomy":"post_tag","embeddable":true,"href":"https:\/\/sgvaimudar.com.br\/index.php\/wp-json\/wp\/v2\/tags?post=17414"}],"curies":[{"name":"wp","href":"https:\/\/api.w.org\/{rel}","templated":true}]}}