{"id":17407,"date":"2024-12-19T19:00:00","date_gmt":"2024-12-19T22:00:00","guid":{"rendered":"https:\/\/sgvaimudar.com.br\/?p=17407"},"modified":"2024-12-19T10:54:18","modified_gmt":"2024-12-19T13:54:18","slug":"pf-faz-acao-contra-assessores-de-sostenes-cavalcante-na-manha-desta-quinta-19","status":"publish","type":"post","link":"https:\/\/sgvaimudar.com.br\/index.php\/2024\/12\/19\/pf-faz-acao-contra-assessores-de-sostenes-cavalcante-na-manha-desta-quinta-19\/","title":{"rendered":"PF faz a\u00e7\u00e3o contra assessores de S\u00f3stenes Cavalcante na manh\u00e3 desta quinta 19"},"content":{"rendered":"\n<p>A Pol\u00edcia Federal (PF) realiza na manh\u00e3 desta quinta-feira (19) uma opera\u00e7\u00e3o contra assessores do deputado federal S\u00f3stenes Cavalcante, do Partido Liberal (PL) do Rio de Janeiro.<img decoding=\"async\" src=\"https:\/\/agenciabrasil.ebc.com.br\/ebc.png?id=1624349&amp;o=node\"><img decoding=\"async\" src=\"https:\/\/agenciabrasil.ebc.com.br\/ebc.gif?id=1624349&amp;o=node\"><\/p>\n\n\n\n<p>Os alvos s\u00e3o suspeitos de participar de um esquema de desvio de verbas de cota para o exerc\u00edcio da atividade parlamentar &#8211; dinheiro para financiar atividades relativas ao mandato, como passagens a\u00e9reas, alimenta\u00e7\u00e3o, aluguel de carro e combust\u00edvel.<\/p>\n\n\n\n<p>A opera\u00e7\u00e3o cumpre seis mandados de busca e apreens\u00e3o no Rio de Janeiro, Tocantins e Distrito Federal. A opera\u00e7\u00e3o recebeu o nome&nbsp;Rent a Car&nbsp;(alugue um carro, em ingl\u00eas) e se refere ao modo de atua\u00e7\u00e3o dos investigados, que utilizaram uma empresa de loca\u00e7\u00e3o de ve\u00edculos para simular contratos de presta\u00e7\u00e3o de servi\u00e7os.<\/p>\n\n\n\n<p>\u201cAs investiga\u00e7\u00f5es apontam para a exist\u00eancia de um esquema criminoso caracterizado pela intera\u00e7\u00e3o entre os setores p\u00fablico e privado, no qual agentes p\u00fablicos e empres\u00e1rios teriam estabelecido acordo il\u00edcito para o desvio de recursos p\u00fablicos oriundos de cotas parlamentares\u201d, detalhou a PF em nota.<\/p>\n\n\n\n<p>Os mandados foram expedidos pelo Supremo Tribunal Federal (STF), corte m\u00e1xima da Justi\u00e7a brasileira que autoriza investiga\u00e7\u00f5es que envolvam, de alguma forma, agentes p\u00fablicos com foro privilegiado, como deputados federais.<\/p>\n\n\n\n<p>O deputado S\u00f3stenes Cavalcante concedeu uma entrevista coletiva na parte da tarde no Sal\u00e3o Verde da C\u00e2mara dos Deputados. Pelo X (antigo Twitter), ele afirmou que foi informado da\u00a0opera\u00e7\u00e3o por meio da imprensa. \u201cPodem revirar tudo, n\u00e3o ir\u00e3o achar nada!\u201d, disse o deputado.<\/p>\n\n\n\n<p>O diret\u00f3rio fluminense do PL foi procurado, mas at\u00e9 o momento n\u00e3o se pronunciou.<\/p>\n\n\n\n<p>Os crimes apurados pela PF s\u00e3o peculato (quando funcion\u00e1rio p\u00fablico se apropria de dinheiro, valor ou qualquer outro bem m\u00f3vel, p\u00fablico ou particular), lavagem de dinheiro e organiza\u00e7\u00e3o criminosa. O processo corre em sigilo de Justi\u00e7a.<\/p>\n\n\n\n<p>#sgvaimudar<\/p>\n\n\n\n<figure class=\"wp-block-image size-full\"><img decoding=\"async\" width=\"317\" height=\"111\" src=\"https:\/\/sgvaimudar.com.br\/wp-content\/uploads\/2023\/08\/Logo-Provisoria-2-2.png\" alt=\"\" class=\"wp-image-2781\" srcset=\"https:\/\/sgvaimudar.com.br\/wp-content\/uploads\/2023\/08\/Logo-Provisoria-2-2.png 317w, https:\/\/sgvaimudar.com.br\/wp-content\/uploads\/2023\/08\/Logo-Provisoria-2-2-300x105.png 300w\" sizes=\"(max-width: 317px) 100vw, 317px\" \/><\/figure>\n","protected":false},"excerpt":{"rendered":"<p>A Pol\u00edcia Federal (PF) realiza na manh\u00e3 desta quinta-feira (19) uma opera\u00e7\u00e3o contra assessores do deputado federal S\u00f3stenes Cavalcante, do&hellip;<\/p>\n","protected":false},"author":5,"featured_media":17408,"comment_status":"open","ping_status":"open","sticky":false,"template":"","format":"standard","meta":{"fifu_image_url":"","fifu_image_alt":"","footnotes":""},"categories":[32],"tags":[],"class_list":["post-17407","post","type-post","status-publish","format-standard","has-post-thumbnail","hentry","category-casos-de-policia"],"_links":{"self":[{"href":"https:\/\/sgvaimudar.com.br\/index.php\/wp-json\/wp\/v2\/posts\/17407","targetHints":{"allow":["GET"]}}],"collection":[{"href":"https:\/\/sgvaimudar.com.br\/index.php\/wp-json\/wp\/v2\/posts"}],"about":[{"href":"https:\/\/sgvaimudar.com.br\/index.php\/wp-json\/wp\/v2\/types\/post"}],"author":[{"embeddable":true,"href":"https:\/\/sgvaimudar.com.br\/index.php\/wp-json\/wp\/v2\/users\/5"}],"replies":[{"embeddable":true,"href":"https:\/\/sgvaimudar.com.br\/index.php\/wp-json\/wp\/v2\/comments?post=17407"}],"version-history":[{"count":1,"href":"https:\/\/sgvaimudar.com.br\/index.php\/wp-json\/wp\/v2\/posts\/17407\/revisions"}],"predecessor-version":[{"id":17409,"href":"https:\/\/sgvaimudar.com.br\/index.php\/wp-json\/wp\/v2\/posts\/17407\/revisions\/17409"}],"wp:featuredmedia":[{"embeddable":true,"href":"https:\/\/sgvaimudar.com.br\/index.php\/wp-json\/wp\/v2\/media\/17408"}],"wp:attachment":[{"href":"https:\/\/sgvaimudar.com.br\/index.php\/wp-json\/wp\/v2\/media?parent=17407"}],"wp:term":[{"taxonomy":"category","embeddable":true,"href":"https:\/\/sgvaimudar.com.br\/index.php\/wp-json\/wp\/v2\/categories?post=17407"},{"taxonomy":"post_tag","embeddable":true,"href":"https:\/\/sgvaimudar.com.br\/index.php\/wp-json\/wp\/v2\/tags?post=17407"}],"curies":[{"name":"wp","href":"https:\/\/api.w.org\/{rel}","templated":true}]}}