{"id":17379,"date":"2024-12-19T12:00:00","date_gmt":"2024-12-19T15:00:00","guid":{"rendered":"https:\/\/sgvaimudar.com.br\/?p=17379"},"modified":"2024-12-19T09:18:55","modified_gmt":"2024-12-19T12:18:55","slug":"jacare-aparece-morto-em-areia-da-praia-de-piratininga-em-niteroi-video","status":"publish","type":"post","link":"https:\/\/sgvaimudar.com.br\/index.php\/2024\/12\/19\/jacare-aparece-morto-em-areia-da-praia-de-piratininga-em-niteroi-video\/","title":{"rendered":"Jacar\u00e9 aparece morto em areia da Praia de Piratininga em Niter\u00f3i; V\u00eddeo"},"content":{"rendered":"\n<p><em>Segundo relatos de moradores, o jacar\u00e9 teria vindo do Parque Orla Piratininga<\/em><\/p>\n\n\n\n<p>Um jacar\u00e9 assustou muita gente na areia da praia de Piratininga, na Regi\u00e3o Oce\u00e2nica de Niter\u00f3i, na manh\u00e3 desta quarta-feira (18). Acontece que ele j\u00e1 estava morto e levantou suspeitas do que poderia ter acontecido.<\/p>\n\n\n\n<figure class=\"wp-block-video\"><video height=\"848\" style=\"aspect-ratio: 480 \/ 848;\" width=\"480\" controls src=\"https:\/\/sgvaimudar.com.br\/wp-content\/uploads\/2024\/12\/Jacare-aparece-morto-em-areia-de-praia-de-Niteroi-0012490400202412181116.mp4\"><\/video><\/figure>\n\n\n\n<p>Segundo testemunhas, a carca\u00e7a do animal estava boiando no mar e foi arrastada pelas fortes ondas. A praia est\u00e1 com bandeira vermelha, de acordo com banhistas.<\/p>\n\n\n\n<p>Moradores suspeitam que o jacar\u00e9 tenha vindo do Parque Orla Piratininga Alfredo Sirkis (POP), regi\u00e3o onde h\u00e1 ber\u00e7\u00e1rio da esp\u00e9cie.<\/p>\n\n\n\n<p>&#8220;Ele veio boiando pelo mar. Pode ter vindo da lagoa e ao entrar no mar, veio a morrer. Tamb\u00e9m n\u00e3o sabemos. Achamos estranho. N\u00e3o \u00e9 normal aparecer um &#8216;crocodilo&#8217; morto na praia&#8221;, disse o fisioterapeuta e professor universit\u00e1rio Leonardo Brito, de 45 anos, que gravou um v\u00eddeo da cena.<\/p>\n\n\n\n<p>Uma equipe do Corpo de Bombeiros foi acionada para o local.<\/p>\n\n\n\n<p>&#8220;Colocaram at\u00e9 a bandeira de animal, para localiza\u00e7\u00e3o. Foi no in\u00edcio da praia, onde era o tobo\u00e1gua. Eu estava caminhando e desci para ver junto com os banhistas&#8221;, explicou Leonardo.<\/p>\n\n\n\n<p>Procurada, a Coordenadoria da Guarda Ambiental informou que n\u00e3o foi acionada para o caso.<\/p>\n\n\n\n<p>&#8220;A popula\u00e7\u00e3o pode acionar a equipe da Guarda, pelo n\u00famero 153 (Centro Integrado de Seguran\u00e7a P\u00fablica &#8211; CISP) para reconhecimento das carca\u00e7as dos animais&#8221;, frisou em nota.<\/p>\n\n\n\n<p>A \u00e1rea da Lagoa de Piratininga, pr\u00f3xima ao Cafub\u00e1, guarda uma biodiversidade de esp\u00e9cies bot\u00e2nicas fundamentais para jacar\u00e9s. Os animais ficam pr\u00f3ximos ao canal e jardins filtrantes do POP, no Cafub\u00e1.&nbsp;<\/p>\n\n\n\n<p><em>Fonte: enfoco\/ redes sociais<\/em><\/p>\n\n\n\n<p><strong><em><sup>#sgvaimudar<\/sup><\/em><\/strong><\/p>\n\n\n\n<figure class=\"wp-block-image size-full\"><img decoding=\"async\" width=\"251\" height=\"88\" src=\"https:\/\/sgvaimudar.com.br\/wp-content\/uploads\/2023\/08\/Logo.png\" alt=\"\" class=\"wp-image-2738\" \/><\/figure>\n","protected":false},"excerpt":{"rendered":"<p>Segundo relatos de moradores, o jacar\u00e9 teria vindo do Parque Orla Piratininga Um jacar\u00e9 assustou muita gente na areia da&hellip;<\/p>\n","protected":false},"author":5,"featured_media":17388,"comment_status":"open","ping_status":"open","sticky":false,"template":"","format":"standard","meta":{"fifu_image_url":"","fifu_image_alt":"","footnotes":""},"categories":[34],"tags":[],"class_list":["post-17379","post","type-post","status-publish","format-standard","has-post-thumbnail","hentry","category-niteroi"],"_links":{"self":[{"href":"https:\/\/sgvaimudar.com.br\/index.php\/wp-json\/wp\/v2\/posts\/17379","targetHints":{"allow":["GET"]}}],"collection":[{"href":"https:\/\/sgvaimudar.com.br\/index.php\/wp-json\/wp\/v2\/posts"}],"about":[{"href":"https:\/\/sgvaimudar.com.br\/index.php\/wp-json\/wp\/v2\/types\/post"}],"author":[{"embeddable":true,"href":"https:\/\/sgvaimudar.com.br\/index.php\/wp-json\/wp\/v2\/users\/5"}],"replies":[{"embeddable":true,"href":"https:\/\/sgvaimudar.com.br\/index.php\/wp-json\/wp\/v2\/comments?post=17379"}],"version-history":[{"count":3,"href":"https:\/\/sgvaimudar.com.br\/index.php\/wp-json\/wp\/v2\/posts\/17379\/revisions"}],"predecessor-version":[{"id":17389,"href":"https:\/\/sgvaimudar.com.br\/index.php\/wp-json\/wp\/v2\/posts\/17379\/revisions\/17389"}],"wp:featuredmedia":[{"embeddable":true,"href":"https:\/\/sgvaimudar.com.br\/index.php\/wp-json\/wp\/v2\/media\/17388"}],"wp:attachment":[{"href":"https:\/\/sgvaimudar.com.br\/index.php\/wp-json\/wp\/v2\/media?parent=17379"}],"wp:term":[{"taxonomy":"category","embeddable":true,"href":"https:\/\/sgvaimudar.com.br\/index.php\/wp-json\/wp\/v2\/categories?post=17379"},{"taxonomy":"post_tag","embeddable":true,"href":"https:\/\/sgvaimudar.com.br\/index.php\/wp-json\/wp\/v2\/tags?post=17379"}],"curies":[{"name":"wp","href":"https:\/\/api.w.org\/{rel}","templated":true}]}}