{"id":17373,"date":"2024-12-19T08:54:40","date_gmt":"2024-12-19T11:54:40","guid":{"rendered":"https:\/\/sgvaimudar.com.br\/?p=17373"},"modified":"2024-12-19T08:54:41","modified_gmt":"2024-12-19T11:54:41","slug":"a-magia-do-natal-chega-a-praca-do-bandeirante","status":"publish","type":"post","link":"https:\/\/sgvaimudar.com.br\/index.php\/2024\/12\/19\/a-magia-do-natal-chega-a-praca-do-bandeirante\/","title":{"rendered":"A magia do Natal chega \u00e0 Pra\u00e7a do Bandeirante"},"content":{"rendered":"\n<p><em>Moradores tiveram tarde e noite com atra\u00e7\u00f5es gratuitas, al\u00e9m de decora\u00e7\u00e3o especial. Prefeito prestigiou o evento<\/em><\/p>\n\n\n\n<p>O Natal da Gente chegou a mais uma pra\u00e7a de S\u00e3o Gon\u00e7alo, levando a magia natalina para os gon\u00e7alenses que foram, nesta ter\u00e7a-feira (17), \u00e0 Pra\u00e7a do Bandeirante, para aproveitar uma tarde e noite de lazer com m\u00fasica e anima\u00e7\u00e3o.<\/p>\n\n\n\n<figure class=\"wp-block-image size-full\"><img fetchpriority=\"high\" decoding=\"async\" width=\"1024\" height=\"681\" src=\"https:\/\/sgvaimudar.com.br\/wp-content\/uploads\/2024\/12\/unnamed-12-5.jpg\" alt=\"\" class=\"wp-image-17374\" srcset=\"https:\/\/sgvaimudar.com.br\/wp-content\/uploads\/2024\/12\/unnamed-12-5.jpg 1024w, https:\/\/sgvaimudar.com.br\/wp-content\/uploads\/2024\/12\/unnamed-12-5-300x200.jpg 300w, https:\/\/sgvaimudar.com.br\/wp-content\/uploads\/2024\/12\/unnamed-12-5-768x511.jpg 768w\" sizes=\"(max-width: 1024px) 100vw, 1024px\" \/><\/figure>\n\n\n\n<p>O evento foi realizado atrav\u00e9s de parceria da Prefeitura de S\u00e3o Gon\u00e7alo com o Governo do Estado do Rio, atrav\u00e9s do Projeto Caravana RJ Pela Paz, uma promo\u00e7\u00e3o do programa Giro Cultural da Funarj e Secretaria de Estado de Cultura e Economia Criativa. A caravana est\u00e1 percorrendo 13 cidades do Estado do Rio de Janeiro com apresenta\u00e7\u00f5es art\u00edstico-culturais gratuitas, envolvendo crian\u00e7as e jovens.<\/p>\n\n\n\n<figure class=\"wp-block-image size-full\"><img decoding=\"async\" width=\"1024\" height=\"681\" src=\"https:\/\/sgvaimudar.com.br\/wp-content\/uploads\/2024\/12\/unnamed-14-4.jpg\" alt=\"\" class=\"wp-image-17377\" srcset=\"https:\/\/sgvaimudar.com.br\/wp-content\/uploads\/2024\/12\/unnamed-14-4.jpg 1024w, https:\/\/sgvaimudar.com.br\/wp-content\/uploads\/2024\/12\/unnamed-14-4-300x200.jpg 300w, https:\/\/sgvaimudar.com.br\/wp-content\/uploads\/2024\/12\/unnamed-14-4-768x511.jpg 768w\" sizes=\"(max-width: 1024px) 100vw, 1024px\" \/><\/figure>\n\n\n\n<p>&#8220;Gostaria de agradecer \u00e0 Funarj, ao Governo do Estado, que tem sido um grande parceiro, n\u00e3o apenas neste evento, mas em toda a cidade de S\u00e3o Gon\u00e7alo nos trabalhos que estamos realizando no munic\u00edpio. Tivemos muito trabalho ao longo de quatro anos e tenham certeza de que, nos pr\u00f3ximos quatro anos, teremos muito mais trabalho! N\u00f3s vamos vir em 2025 com mais for\u00e7a ainda!&#8221; , disse o prefeito capit\u00e3o Nelson ao p\u00fablico que foi prestigiar o evento na Pra\u00e7a do Bandeirante, aproveitando a oportunidade tamb\u00e9m, para desejar boas festas a todos.<\/p>\n\n\n\n<p>No in\u00edcio da tarde as atra\u00e7\u00f5es para o p\u00fablico levaram m\u00fasica de qualidade e um show de m\u00e1gica para as crian\u00e7as. Emerson Rodrigues e a dupla Pedro Batuq e Jorginho Cardozo levaram m\u00fasica brasileira de qualidade para os gon\u00e7alenses que foram prestigiar o Natal da Gente. O m\u00e1gico Patrick fez a alegria da crian\u00e7ada com seus truques de m\u00e1gica, que despertaram a curiosidade dos pequenos, impressionados com a apresenta\u00e7\u00e3o.<\/p>\n\n\n\n<p>Ap\u00f3s os shows, as crian\u00e7as assistiram a um filme natalino, enquanto aguardavam a chegada da grande atra\u00e7\u00e3o do dia, o grupo Do Re Mi. A espera valeu a pena para os pequenos, que puderam cantar grandes sucessos da m\u00fasica junto ao grupo infanto juvenil.&nbsp;O p\u00fablico cantou e dan\u00e7ou com o grupo quando um pout pourri de sucessos do funk carioca entrou no set list , com can\u00e7\u00f5es como Rap da Felicidade, Glamourosa, Tremendo vacil\u00e3o, Cerol na m\u00e3o.<\/p>\n\n\n\n<p>&#8220;Agrade\u00e7o essa parceria do Governo do Estado com a Prefeitura de S\u00e3o Gon\u00e7alo, que vem dando oportunidade aos artistas de se apresentarem, dando op\u00e7\u00e3o de entretenimento \u00e0 nossa popula\u00e7\u00e3o. Esse evento \u00e9 fruto de parceria do Estado com a Prefeitura, assim como muitas coisas boas que v\u00eam acontecendo em nossa cidade,em especial as obras de infraestrutura&#8221;, disse o deputado estadual e secret\u00e1rio de Estado das Cidades, Douglas Ruas, que representou o Governo do Estado no evento.<\/p>\n\n\n\n<p>O prefeito Capit\u00e3o Nelson fez a contagem regressiva para a inaugura\u00e7\u00e3o da ilumina\u00e7\u00e3o especial e da decora\u00e7\u00e3o da Pra\u00e7a do Bandeirante. A \u00e1rvore de Natal da pra\u00e7a rapidamente atraiu aten\u00e7\u00e3o de todos que estiveram no evento, rendendo muitas fotos em fam\u00edlia.<\/p>\n\n\n\n<p>O Grupo Do R\u00e9 Mi encerrou sua apresenta\u00e7\u00e3o com can\u00e7\u00f5es natalinas, anunciando o momento mais aguardado da noite pelas crian\u00e7as, a chegada do Papai Noel. Os pequenos fizeram fila para tirar fotos junto ao bom velhinho e ao grupo Do R\u00e9 Mi, registrando uma noite de alegria e divers\u00e3o para os gon\u00e7alenses.<\/p>\n\n\n\n<p>&#8220;Assim que come\u00e7aram a montar o palco e a decora\u00e7\u00e3o, as crian\u00e7as j\u00e1 estavam curiosas para ver como tudo ficaria. Achei tudo muito bonito e gostei tamb\u00e9m da organiza\u00e7\u00e3o. Que todo Natal a pra\u00e7a receba eventos assim&#8221;, disse Angela Silva, de 42 anos, moradora do Jardim Miriambi.<\/p>\n\n\n\n<p>Tamb\u00e9m estiveram presentes no evento o vice-prefeito Sergio Gev\u00fa, o vice-prefeito eleito Jo\u00e3o Ventura, a secret\u00e1ria de Turismo e Cultura J\u00falia Sobreira e o vereador Claudinei.<\/p>\n\n\n\n<p><strong><em><sup>#sgvaimudar<\/sup><\/em><\/strong><\/p>\n\n\n\n<figure class=\"wp-block-image size-full\"><img decoding=\"async\" width=\"251\" height=\"88\" src=\"https:\/\/sgvaimudar.com.br\/wp-content\/uploads\/2023\/08\/Logo.png\" alt=\"\" class=\"wp-image-2738\" \/><\/figure>\n","protected":false},"excerpt":{"rendered":"<p>Moradores tiveram tarde e noite com atra\u00e7\u00f5es gratuitas, al\u00e9m de decora\u00e7\u00e3o especial. Prefeito prestigiou o evento O Natal da Gente&hellip;<\/p>\n","protected":false},"author":5,"featured_media":17375,"comment_status":"open","ping_status":"open","sticky":false,"template":"","format":"standard","meta":{"fifu_image_url":"","fifu_image_alt":"","footnotes":""},"categories":[6,3],"tags":[],"class_list":["post-17373","post","type-post","status-publish","format-standard","has-post-thumbnail","hentry","category-entretenimento","category-sao-goncalo"],"_links":{"self":[{"href":"https:\/\/sgvaimudar.com.br\/index.php\/wp-json\/wp\/v2\/posts\/17373","targetHints":{"allow":["GET"]}}],"collection":[{"href":"https:\/\/sgvaimudar.com.br\/index.php\/wp-json\/wp\/v2\/posts"}],"about":[{"href":"https:\/\/sgvaimudar.com.br\/index.php\/wp-json\/wp\/v2\/types\/post"}],"author":[{"embeddable":true,"href":"https:\/\/sgvaimudar.com.br\/index.php\/wp-json\/wp\/v2\/users\/5"}],"replies":[{"embeddable":true,"href":"https:\/\/sgvaimudar.com.br\/index.php\/wp-json\/wp\/v2\/comments?post=17373"}],"version-history":[{"count":1,"href":"https:\/\/sgvaimudar.com.br\/index.php\/wp-json\/wp\/v2\/posts\/17373\/revisions"}],"predecessor-version":[{"id":17378,"href":"https:\/\/sgvaimudar.com.br\/index.php\/wp-json\/wp\/v2\/posts\/17373\/revisions\/17378"}],"wp:featuredmedia":[{"embeddable":true,"href":"https:\/\/sgvaimudar.com.br\/index.php\/wp-json\/wp\/v2\/media\/17375"}],"wp:attachment":[{"href":"https:\/\/sgvaimudar.com.br\/index.php\/wp-json\/wp\/v2\/media?parent=17373"}],"wp:term":[{"taxonomy":"category","embeddable":true,"href":"https:\/\/sgvaimudar.com.br\/index.php\/wp-json\/wp\/v2\/categories?post=17373"},{"taxonomy":"post_tag","embeddable":true,"href":"https:\/\/sgvaimudar.com.br\/index.php\/wp-json\/wp\/v2\/tags?post=17373"}],"curies":[{"name":"wp","href":"https:\/\/api.w.org\/{rel}","templated":true}]}}