{"id":17371,"date":"2024-12-19T08:44:54","date_gmt":"2024-12-19T11:44:54","guid":{"rendered":"https:\/\/sgvaimudar.com.br\/?p=17371"},"modified":"2024-12-19T09:12:35","modified_gmt":"2024-12-19T12:12:35","slug":"homem-da-entrada-no-heat-apos-ser-baleado","status":"publish","type":"post","link":"https:\/\/sgvaimudar.com.br\/index.php\/2024\/12\/19\/homem-da-entrada-no-heat-apos-ser-baleado\/","title":{"rendered":"Homem que deu entrada no Heat ap\u00f3s ser baleado no peito n\u00e3o resistiu e morreu"},"content":{"rendered":"\n<p><em>Segundo informa\u00e7\u00f5es, ele chegou na manh\u00e3 desta quinta-feira (19) no hospital socorrido por amigos que disseram que a situa\u00e7\u00e3o teria acontecido no bairro Ita\u00fana<\/em><\/p>\n\n\n\n<p>Um homem pardo, aparentando 35 anos, ainda n\u00e3o identificado, que deu entrada na manh\u00e3 desta quinta-feira (19\/12), no Hospital Estadual Alberto Torres (Heat), ap\u00f3s ser baleado, no bairro Ita\u00fana, em S\u00e3o Gon\u00e7alo, n\u00e3o resistiu e morreu. Ainda n\u00e3o se sabe o motivo do crime.<\/p>\n\n\n\n<p>Segundo as informa\u00e7\u00f5es, ele chegou a ser atendido no Centrontrauma da unidade de sa\u00fade. A PM confirmou que foi acionada via r\u00e1dio e que mandou uma equipe at\u00e9 o hospital, onde um o plantonista do hospital disse que um homem havia dado entrada na unidade de sa\u00fade, v\u00edtima de um tiro no peito, e que foi a \u00f3bito.<\/p>\n\n\n\n<p>Segundo o plantonista, um autom\u00f3vel n\u00e3o identificado teria deixado o nacional no hospital e, de dentro do ve\u00edculo, algu\u00e9m teria informado que o fato ocorreu no bairro de Ita\u00fana. Imediatamente, o ve\u00edculo fugiu.<\/p>\n\n\n\n<p>De acordo com os militares, um policial comunicou o caso para a Delegacia de Homic\u00eddios que entrou no caso para investigar.<\/p>\n\n\n\n<p>Em atualiza\u00e7\u00e3o.<\/p>\n\n\n\n<p><strong><em><sup>#sgvaimudar<\/sup><\/em><\/strong><\/p>\n\n\n\n<figure class=\"wp-block-image size-full\"><img decoding=\"async\" width=\"251\" height=\"88\" src=\"https:\/\/sgvaimudar.com.br\/wp-content\/uploads\/2023\/08\/Logo.png\" alt=\"\" class=\"wp-image-2738\" \/><\/figure>\n","protected":false},"excerpt":{"rendered":"<p>Segundo informa\u00e7\u00f5es, ele chegou na manh\u00e3 desta quinta-feira (19) no hospital socorrido por amigos que disseram que a situa\u00e7\u00e3o teria&hellip;<\/p>\n","protected":false},"author":5,"featured_media":0,"comment_status":"open","ping_status":"open","sticky":false,"template":"","format":"standard","meta":{"fifu_image_url":"","fifu_image_alt":"","footnotes":""},"categories":[32],"tags":[],"class_list":["post-17371","post","type-post","status-publish","format-standard","hentry","category-casos-de-policia"],"_links":{"self":[{"href":"https:\/\/sgvaimudar.com.br\/index.php\/wp-json\/wp\/v2\/posts\/17371","targetHints":{"allow":["GET"]}}],"collection":[{"href":"https:\/\/sgvaimudar.com.br\/index.php\/wp-json\/wp\/v2\/posts"}],"about":[{"href":"https:\/\/sgvaimudar.com.br\/index.php\/wp-json\/wp\/v2\/types\/post"}],"author":[{"embeddable":true,"href":"https:\/\/sgvaimudar.com.br\/index.php\/wp-json\/wp\/v2\/users\/5"}],"replies":[{"embeddable":true,"href":"https:\/\/sgvaimudar.com.br\/index.php\/wp-json\/wp\/v2\/comments?post=17371"}],"version-history":[{"count":3,"href":"https:\/\/sgvaimudar.com.br\/index.php\/wp-json\/wp\/v2\/posts\/17371\/revisions"}],"predecessor-version":[{"id":17384,"href":"https:\/\/sgvaimudar.com.br\/index.php\/wp-json\/wp\/v2\/posts\/17371\/revisions\/17384"}],"wp:attachment":[{"href":"https:\/\/sgvaimudar.com.br\/index.php\/wp-json\/wp\/v2\/media?parent=17371"}],"wp:term":[{"taxonomy":"category","embeddable":true,"href":"https:\/\/sgvaimudar.com.br\/index.php\/wp-json\/wp\/v2\/categories?post=17371"},{"taxonomy":"post_tag","embeddable":true,"href":"https:\/\/sgvaimudar.com.br\/index.php\/wp-json\/wp\/v2\/tags?post=17371"}],"curies":[{"name":"wp","href":"https:\/\/api.w.org\/{rel}","templated":true}]}}