{"id":17329,"date":"2024-12-18T11:04:45","date_gmt":"2024-12-18T14:04:45","guid":{"rendered":"https:\/\/sgvaimudar.com.br\/?p=17329"},"modified":"2024-12-18T11:04:46","modified_gmt":"2024-12-18T14:04:46","slug":"diplomacao-dosas-eleitosas-da-capital-do-rio-sera-transmitida-pelo-youtube-do-tre-rj","status":"publish","type":"post","link":"https:\/\/sgvaimudar.com.br\/index.php\/2024\/12\/18\/diplomacao-dosas-eleitosas-da-capital-do-rio-sera-transmitida-pelo-youtube-do-tre-rj\/","title":{"rendered":"Diploma\u00e7\u00e3o dos(as) eleitos(as) da Capital do Rio ser\u00e1 transmitida pelo YouTube do TRE-RJ"},"content":{"rendered":"\n<p><em>Cerim\u00f4nia acontece nesta quarta (18), \u00e0s 11h<\/em><\/p>\n\n\n\n<p>O canal oficial do TRE-RJ no Youtube vai transmitir, nesta quarta-feira (18), a partir das 11h, a cerim\u00f4nia de diploma\u00e7\u00e3o do prefeito Eduardo Paes e seu vice-prefeito eleito, Eduardo Cavaliere, al\u00e9m dos(as) 51 vereadores(as) eleitos(as). A solenidade ser\u00e1 realizada no Pal\u00e1cio Pedro Ernesto, sede da C\u00e2mara Municipal do Rio de Janeiro.<\/p>\n\n\n\n<p>A diploma\u00e7\u00e3o \u00e9 o ato pelo qual a Justi\u00e7a Eleitoral atesta que o(a) candidato(a) foi efetivamente eleito(a) pelo povo e, por isso, est\u00e1 apto a tomar posse no cargo. De acordo com o calend\u00e1rio eleitoral, todos os eleitos devem ser diplomados at\u00e9 19 de dezembro.<\/p>\n\n\n\n<p>Nas demais cidades do estado, as cerim\u00f4nias de diploma\u00e7\u00e3o ser\u00e3o conduzidas pelas respectivas zonas eleitorais. Os contatos das zonas est\u00e3o dispon\u00edveis no site oficial do TRE-RJ.<\/p>\n\n\n\n<p>O evento ser\u00e1 transmitido pelo sinal da Rio TV C\u00e2mara.<\/p>\n\n\n\n<p><strong><em><sup>#sgvaimudar<\/sup><\/em><\/strong><\/p>\n\n\n\n<figure class=\"wp-block-image size-large\"><img fetchpriority=\"high\" decoding=\"async\" width=\"1024\" height=\"321\" src=\"https:\/\/sgvaimudar.com.br\/wp-content\/uploads\/2023\/08\/cropped-Logo-Provisoria-2-1024x321.png\" alt=\"\" class=\"wp-image-2778\" srcset=\"https:\/\/sgvaimudar.com.br\/wp-content\/uploads\/2023\/08\/cropped-Logo-Provisoria-2-1024x321.png 1024w, https:\/\/sgvaimudar.com.br\/wp-content\/uploads\/2023\/08\/cropped-Logo-Provisoria-2-300x94.png 300w, https:\/\/sgvaimudar.com.br\/wp-content\/uploads\/2023\/08\/cropped-Logo-Provisoria-2-768x240.png 768w, https:\/\/sgvaimudar.com.br\/wp-content\/uploads\/2023\/08\/cropped-Logo-Provisoria-2-1536x481.png 1536w, https:\/\/sgvaimudar.com.br\/wp-content\/uploads\/2023\/08\/cropped-Logo-Provisoria-2-2048x641.png 2048w\" sizes=\"(max-width: 1024px) 100vw, 1024px\" \/><\/figure>\n","protected":false},"excerpt":{"rendered":"<p>Cerim\u00f4nia acontece nesta quarta (18), \u00e0s 11h O canal oficial do TRE-RJ no Youtube vai transmitir, nesta quarta-feira (18), a&hellip;<\/p>\n","protected":false},"author":5,"featured_media":7705,"comment_status":"open","ping_status":"open","sticky":false,"template":"","format":"standard","meta":{"fifu_image_url":"","fifu_image_alt":"","footnotes":""},"categories":[4],"tags":[],"class_list":["post-17329","post","type-post","status-publish","format-standard","has-post-thumbnail","hentry","category-brasil"],"_links":{"self":[{"href":"https:\/\/sgvaimudar.com.br\/index.php\/wp-json\/wp\/v2\/posts\/17329","targetHints":{"allow":["GET"]}}],"collection":[{"href":"https:\/\/sgvaimudar.com.br\/index.php\/wp-json\/wp\/v2\/posts"}],"about":[{"href":"https:\/\/sgvaimudar.com.br\/index.php\/wp-json\/wp\/v2\/types\/post"}],"author":[{"embeddable":true,"href":"https:\/\/sgvaimudar.com.br\/index.php\/wp-json\/wp\/v2\/users\/5"}],"replies":[{"embeddable":true,"href":"https:\/\/sgvaimudar.com.br\/index.php\/wp-json\/wp\/v2\/comments?post=17329"}],"version-history":[{"count":1,"href":"https:\/\/sgvaimudar.com.br\/index.php\/wp-json\/wp\/v2\/posts\/17329\/revisions"}],"predecessor-version":[{"id":17330,"href":"https:\/\/sgvaimudar.com.br\/index.php\/wp-json\/wp\/v2\/posts\/17329\/revisions\/17330"}],"wp:featuredmedia":[{"embeddable":true,"href":"https:\/\/sgvaimudar.com.br\/index.php\/wp-json\/wp\/v2\/media\/7705"}],"wp:attachment":[{"href":"https:\/\/sgvaimudar.com.br\/index.php\/wp-json\/wp\/v2\/media?parent=17329"}],"wp:term":[{"taxonomy":"category","embeddable":true,"href":"https:\/\/sgvaimudar.com.br\/index.php\/wp-json\/wp\/v2\/categories?post=17329"},{"taxonomy":"post_tag","embeddable":true,"href":"https:\/\/sgvaimudar.com.br\/index.php\/wp-json\/wp\/v2\/tags?post=17329"}],"curies":[{"name":"wp","href":"https:\/\/api.w.org\/{rel}","templated":true}]}}