{"id":17307,"date":"2024-12-18T09:58:32","date_gmt":"2024-12-18T12:58:32","guid":{"rendered":"https:\/\/sgvaimudar.com.br\/?p=17307"},"modified":"2024-12-18T09:58:33","modified_gmt":"2024-12-18T12:58:33","slug":"secretaria-de-educacao-inicia-pre-matricula-para-novos-alunos-nesta-quarta-feira-18","status":"publish","type":"post","link":"https:\/\/sgvaimudar.com.br\/index.php\/2024\/12\/18\/secretaria-de-educacao-inicia-pre-matricula-para-novos-alunos-nesta-quarta-feira-18\/","title":{"rendered":"Secretaria de Educa\u00e7\u00e3o inicia pr\u00e9-matr\u00edcula para novos alunos nesta quarta-feira 18"},"content":{"rendered":"\n<p><em>Prazo para realizar a inscri\u00e7\u00e3o vai at\u00e9 dia 27 deste m\u00eas<\/em><\/p>\n\n\n\n<p>A pr\u00e9-matr\u00edcula dos novos alunos na rede municipal de S\u00e3o Gon\u00e7alo teve in\u00edcio nesta quarta-feira (18) e vai at\u00e9 27 de dezembro, pelo link\u00a0<a rel=\"noreferrer noopener\" href=\"https:\/\/click.cse360.com.br\/Click\/AddCampaignEmailClick\/68ca7820-b18c-4ccd-53c7-08dd19e31904\/https%253a%252f%252fprematriculasg.siseduc.org.br%252f\/ac66966e-2b55-4484-fb2c-08dc491eed5f\/jornalistaws@gmail.com\/False\" target=\"_blank\">https:\/\/prematriculasg.siseduc.org.br\/<\/a>, com resultado divulgado no dia 14 de janeiro de 2025.<\/p>\n\n\n\n<p>Segundo a Secretaria Municipal de Educa\u00e7\u00e3o quem deseja se matricular deve ficar atento. &#8220;Na pr\u00e9-matr\u00edcula, o preenchimento do campo do CPF do candidato \u00e9 obrigat\u00f3rio.\u00a0Quem realizar a inscri\u00e7\u00e3o com informa\u00e7\u00e3o de defici\u00eancia, Transtornos Globais do Desenvolvimento e Altas Habilidades ou Superdota\u00e7\u00e3o deve anexar os laudos, emitidos por \u00f3rg\u00e3os competentes, que comprovem tais informa\u00e7\u00f5es, no ato da pr\u00e9-matr\u00edcula pelo site&#8221;, disse o poder p\u00fablico na nota.<\/p>\n\n\n\n<p>Os respons\u00e1veis que n\u00e3o possuem acesso \u00e0 internet podem procurar o setor de Matr\u00edcula, na Secretaria de Educa\u00e7\u00e3o, no endere\u00e7o Travessa Uricina Vargas, 36 \u2013 Mutondo, durante o per\u00edodo da pr\u00e9-matr\u00edcula, das 9h \u00e0s 16h30, para realizar a inscri\u00e7\u00e3o.<\/p>\n\n\n\n<p>A efetiva\u00e7\u00e3o da matr\u00edcula dos alunos remanejados acontece de 13 a 17 de janeiro de 2025, direto na unidade. Os novos alunos, contemplados na pr\u00e9-matr\u00edcula, devem efetivar a matr\u00edcula no per\u00edodo de 20 a 24 de janeiro, tamb\u00e9m na unidade. A partir de 30 de janeiro, a lista de espera estar\u00e1 dispon\u00edvel no site&nbsp;<a href=\"https:\/\/click.cse360.com.br\/Click\/AddCampaignEmailClick\/68ca7820-b18c-4ccd-53c7-08dd19e31904\/https%253a%252f%252fwww.saogoncalo.rj.gov.br%252f\/ac66966e-2b55-4484-fb2c-08dc491eed5f\/jornalistaws@gmail.com\/False\" rel=\"noreferrer noopener\" target=\"_blank\">https:\/\/www.saogoncalo.rj.gov.br\/<\/a>&nbsp;e as vagas ainda existentes ser\u00e3o disponibilizadas no site&nbsp;<a href=\"https:\/\/click.cse360.com.br\/Click\/AddCampaignEmailClick\/68ca7820-b18c-4ccd-53c7-08dd19e31904\/https%253a%252f%252fprematriculasg.siseduc.org.br%252f\/ac66966e-2b55-4484-fb2c-08dc491eed5f\/jornalistaws@gmail.com\/False\" rel=\"noreferrer noopener\" target=\"_blank\">https:\/\/prematriculasg.siseduc.org.br\/<\/a>.<\/p>\n\n\n\n<p>O candidato que n\u00e3o for contemplado entrar\u00e1, automaticamente, na lista de espera da primeira op\u00e7\u00e3o de escola escolhida na pr\u00e9-matr\u00edcula. A posi\u00e7\u00e3o na fila ser\u00e1 definida pela data e hora da inscri\u00e7\u00e3o, assegurando a ordem cronol\u00f3gica das solicita\u00e7\u00f5es. Al\u00e9m disso, ser\u00e1 mantida a prioridade na convoca\u00e7\u00e3o dos alunos com defici\u00eancia (PCDs).<\/p>\n\n\n\n<p>A partir de 31 de janeiro de 2025, caso o candidato esteja na lista de espera e tenha interesse em pleitear a vaga em outra unidade escolar, dever\u00e1 acessar o site&nbsp;<a href=\"https:\/\/click.cse360.com.br\/Click\/AddCampaignEmailClick\/68ca7820-b18c-4ccd-53c7-08dd19e31904\/https%253a%252f%252fprematriculasg.siseduc.org.br%252f\/ac66966e-2b55-4484-fb2c-08dc491eed5f\/jornalistaws@gmail.com\/False\" rel=\"noreferrer noopener\" target=\"_blank\">https:\/\/prematriculasg.siseduc.org.br<\/a>&nbsp;para fazer a solicita\u00e7\u00e3o. \u00c9 importante ressaltar que sua nova coloca\u00e7\u00e3o na lista de espera seguir\u00e1 o crit\u00e9rio cronol\u00f3gico contando a partir da data e hora em que a nova solicita\u00e7\u00e3o for feita.<\/p>\n\n\n\n<p>Os alunos da Educa\u00e7\u00e3o de Jovens e Adultos (EJA) devem procurar a unidade de ensino para realizar a matr\u00edcula presencialmente, no per\u00edodo de 29 de janeiro a 4 de fevereiro de 2025.<\/p>\n\n\n\n<p>No caso da pr\u00e9-matr\u00edcula, a ordem da inscri\u00e7\u00e3o efetuada n\u00e3o garante a prioridade da vaga, sendo considerados os crit\u00e9rios a seguir:<\/p>\n\n\n\n<p>I \u2013 Alunos oriundos da Rede P\u00fablica Municipal de Ensino de S\u00e3o Gon\u00e7alo;<\/p>\n\n\n\n<p>II \u2013 Alunos com defici\u00eancia, Transtornos Globais do Desenvolvimento e Altas Habilidades ou Superdota\u00e7\u00e3o, conforme legisla\u00e7\u00e3o vigente;<\/p>\n\n\n\n<p>III \u2013 Prefer\u00eancia para crian\u00e7as e adolescentes com at\u00e9 15 anos incompletos;<\/p>\n\n\n\n<p>IV \u2013 Proximidade da resid\u00eancia, de acordo com a disponibilidade de vagas, conforme o Estatuto da Crian\u00e7a e Adolescente;<\/p>\n\n\n\n<p>V \u2013 Em caso de empate, a prioridade ser\u00e1 para o (a) aluno (a) oriundo da Rede P\u00fablica Municipal de Ensino de S\u00e3o Gon\u00e7alo, seguido do candidato mais novo.<\/p>\n\n\n\n<p><em>Foto: Julio Diniz<\/em><\/p>\n\n\n\n<p><strong><em><sup>#sgvaimudar<\/sup><\/em><\/strong><\/p>\n\n\n\n<figure class=\"wp-block-image size-full\"><img decoding=\"async\" width=\"317\" height=\"110\" src=\"https:\/\/sgvaimudar.com.br\/wp-content\/uploads\/2023\/08\/cropped-Logo-Provisoria-2-2.png\" alt=\"\" class=\"wp-image-2782\" srcset=\"https:\/\/sgvaimudar.com.br\/wp-content\/uploads\/2023\/08\/cropped-Logo-Provisoria-2-2.png 317w, https:\/\/sgvaimudar.com.br\/wp-content\/uploads\/2023\/08\/cropped-Logo-Provisoria-2-2-300x104.png 300w\" sizes=\"(max-width: 317px) 100vw, 317px\" \/><\/figure>\n","protected":false},"excerpt":{"rendered":"<p>Prazo para realizar a inscri\u00e7\u00e3o vai at\u00e9 dia 27 deste m\u00eas A pr\u00e9-matr\u00edcula dos novos alunos na rede municipal de&hellip;<\/p>\n","protected":false},"author":5,"featured_media":17308,"comment_status":"open","ping_status":"open","sticky":false,"template":"","format":"standard","meta":{"fifu_image_url":"","fifu_image_alt":"","footnotes":""},"categories":[3],"tags":[],"class_list":["post-17307","post","type-post","status-publish","format-standard","has-post-thumbnail","hentry","category-sao-goncalo"],"_links":{"self":[{"href":"https:\/\/sgvaimudar.com.br\/index.php\/wp-json\/wp\/v2\/posts\/17307","targetHints":{"allow":["GET"]}}],"collection":[{"href":"https:\/\/sgvaimudar.com.br\/index.php\/wp-json\/wp\/v2\/posts"}],"about":[{"href":"https:\/\/sgvaimudar.com.br\/index.php\/wp-json\/wp\/v2\/types\/post"}],"author":[{"embeddable":true,"href":"https:\/\/sgvaimudar.com.br\/index.php\/wp-json\/wp\/v2\/users\/5"}],"replies":[{"embeddable":true,"href":"https:\/\/sgvaimudar.com.br\/index.php\/wp-json\/wp\/v2\/comments?post=17307"}],"version-history":[{"count":1,"href":"https:\/\/sgvaimudar.com.br\/index.php\/wp-json\/wp\/v2\/posts\/17307\/revisions"}],"predecessor-version":[{"id":17309,"href":"https:\/\/sgvaimudar.com.br\/index.php\/wp-json\/wp\/v2\/posts\/17307\/revisions\/17309"}],"wp:featuredmedia":[{"embeddable":true,"href":"https:\/\/sgvaimudar.com.br\/index.php\/wp-json\/wp\/v2\/media\/17308"}],"wp:attachment":[{"href":"https:\/\/sgvaimudar.com.br\/index.php\/wp-json\/wp\/v2\/media?parent=17307"}],"wp:term":[{"taxonomy":"category","embeddable":true,"href":"https:\/\/sgvaimudar.com.br\/index.php\/wp-json\/wp\/v2\/categories?post=17307"},{"taxonomy":"post_tag","embeddable":true,"href":"https:\/\/sgvaimudar.com.br\/index.php\/wp-json\/wp\/v2\/tags?post=17307"}],"curies":[{"name":"wp","href":"https:\/\/api.w.org\/{rel}","templated":true}]}}