{"id":17206,"date":"2024-12-16T13:59:00","date_gmt":"2024-12-16T16:59:00","guid":{"rendered":"https:\/\/sgvaimudar.com.br\/?p=17206"},"modified":"2024-12-16T10:53:00","modified_gmt":"2024-12-16T13:53:00","slug":"jovem-leva-tres-tiros-apos-fugir-de-assalto-em-sao-goncalo","status":"publish","type":"post","link":"https:\/\/sgvaimudar.com.br\/index.php\/2024\/12\/16\/jovem-leva-tres-tiros-apos-fugir-de-assalto-em-sao-goncalo\/","title":{"rendered":"Jovem leva tr\u00eas tiros ap\u00f3s fugir de assalto em S\u00e3o Gon\u00e7alo"},"content":{"rendered":"\n<p><em>A Pol\u00edcia Civil investiga as circunst\u00e2ncias do caso<\/em><\/p>\n\n\n\n<p>Um jovem de 21 anos foi baleado com tr\u00eas tiros ap\u00f3s reagir e fugir de uma tentativa de assalto no Barro Vermelho, em S\u00e3o Gon\u00e7alo, na tarde deste domingo (15). O caso aconteceu na Travessa Marqu\u00eas. A Pol\u00edcia Militar foi acionada por volta das 16h35 para o Pronto Socorro de S\u00e3o Gon\u00e7alo, no bairro Z\u00e9 Garoto, onde o jovem foi inicialmente atendido.<\/p>\n\n\n\n<p>A v\u00edtima levou tiros no ombro direito e nas duas pernas. Ele precisou ser encaminhado ao Hospital Estadual Alberto Torres, no Coluband\u00ea, onde est\u00e1 internado. O seu estado de sa\u00fade n\u00e3o foi divulgado.<\/p>\n\n\n\n<p>O caso foi registrado na 72\u00aa DP (Mutua). Procurada, a Pol\u00edcia Civil informou que &#8220;a Delegacia de Homic\u00eddios de Niter\u00f3i, S\u00e3o Gon\u00e7alo e Itabora\u00ed (DHNSG) investiga o caso e realiza dilig\u00eancias para identificar a autoria do crime e esclarecer as circunst\u00e2ncias dos fatos&#8221;.<\/p>\n\n\n\n<p><em>Fonte: enfoco<\/em><\/p>\n\n\n\n<figure class=\"wp-block-image size-large\"><img fetchpriority=\"high\" decoding=\"async\" width=\"1024\" height=\"378\" src=\"https:\/\/sgvaimudar.com.br\/wp-content\/uploads\/2023\/08\/cropped-Logo-Provisoria-2-1-1024x378.png\" alt=\"\" class=\"wp-image-2780\" srcset=\"https:\/\/sgvaimudar.com.br\/wp-content\/uploads\/2023\/08\/cropped-Logo-Provisoria-2-1-1024x378.png 1024w, https:\/\/sgvaimudar.com.br\/wp-content\/uploads\/2023\/08\/cropped-Logo-Provisoria-2-1-300x111.png 300w, https:\/\/sgvaimudar.com.br\/wp-content\/uploads\/2023\/08\/cropped-Logo-Provisoria-2-1-768x284.png 768w, https:\/\/sgvaimudar.com.br\/wp-content\/uploads\/2023\/08\/cropped-Logo-Provisoria-2-1.png 1386w\" sizes=\"(max-width: 1024px) 100vw, 1024px\" \/><\/figure>\n","protected":false},"excerpt":{"rendered":"<p>A Pol\u00edcia Civil investiga as circunst\u00e2ncias do caso Um jovem de 21 anos foi baleado com tr\u00eas tiros ap\u00f3s reagir&hellip;<\/p>\n","protected":false},"author":5,"featured_media":0,"comment_status":"open","ping_status":"open","sticky":false,"template":"","format":"standard","meta":{"fifu_image_url":"","fifu_image_alt":"","footnotes":""},"categories":[32],"tags":[],"class_list":["post-17206","post","type-post","status-publish","format-standard","hentry","category-casos-de-policia"],"_links":{"self":[{"href":"https:\/\/sgvaimudar.com.br\/index.php\/wp-json\/wp\/v2\/posts\/17206","targetHints":{"allow":["GET"]}}],"collection":[{"href":"https:\/\/sgvaimudar.com.br\/index.php\/wp-json\/wp\/v2\/posts"}],"about":[{"href":"https:\/\/sgvaimudar.com.br\/index.php\/wp-json\/wp\/v2\/types\/post"}],"author":[{"embeddable":true,"href":"https:\/\/sgvaimudar.com.br\/index.php\/wp-json\/wp\/v2\/users\/5"}],"replies":[{"embeddable":true,"href":"https:\/\/sgvaimudar.com.br\/index.php\/wp-json\/wp\/v2\/comments?post=17206"}],"version-history":[{"count":1,"href":"https:\/\/sgvaimudar.com.br\/index.php\/wp-json\/wp\/v2\/posts\/17206\/revisions"}],"predecessor-version":[{"id":17207,"href":"https:\/\/sgvaimudar.com.br\/index.php\/wp-json\/wp\/v2\/posts\/17206\/revisions\/17207"}],"wp:attachment":[{"href":"https:\/\/sgvaimudar.com.br\/index.php\/wp-json\/wp\/v2\/media?parent=17206"}],"wp:term":[{"taxonomy":"category","embeddable":true,"href":"https:\/\/sgvaimudar.com.br\/index.php\/wp-json\/wp\/v2\/categories?post=17206"},{"taxonomy":"post_tag","embeddable":true,"href":"https:\/\/sgvaimudar.com.br\/index.php\/wp-json\/wp\/v2\/tags?post=17206"}],"curies":[{"name":"wp","href":"https:\/\/api.w.org\/{rel}","templated":true}]}}