{"id":17203,"date":"2024-12-16T19:00:00","date_gmt":"2024-12-16T22:00:00","guid":{"rendered":"https:\/\/sgvaimudar.com.br\/?p=17203"},"modified":"2024-12-16T10:48:28","modified_gmt":"2024-12-16T13:48:28","slug":"pretendido-pelo-vasco-cuello-nao-pode-ser-vendido-por-menos-de-us-8-milhoes","status":"publish","type":"post","link":"https:\/\/sgvaimudar.com.br\/index.php\/2024\/12\/16\/pretendido-pelo-vasco-cuello-nao-pode-ser-vendido-por-menos-de-us-8-milhoes\/","title":{"rendered":"Pretendido pelo Vasco, Cuello n\u00e3o pode ser vendido por menos de US$ 8 milh\u00f5es"},"content":{"rendered":"\n<p><em>Apura\u00e7\u00e3o NTV e NT-Cast mostrou a situa\u00e7\u00e3o do jogador que est\u00e1 na mira do Cruzmaltino<\/em><\/p>\n\n\n\n<p>O site Net Vasco informou  que o Atl\u00e9tico Tucuman tem 50% dos direitos econ\u00f4micos do atacante. Diante disto, o time argentino colocou uma cl\u00e1usula no contrato de que o jogador n\u00e3o pode ser vendido por menos de 8 milh\u00f5es de d\u00f3lares.<\/p>\n\n\n\n<p>A postagem logo gerou coment\u00e1rios: &#8220;Fecha com o Renato Ga\u00facho e traz o Soteldo, trabalhou com ele. Adson nas pontas ou se conseguir o Canobbio, teremos um ataque r\u00e1pido e habilidoso. Com a venda do Orellano e Pal\u00e1cios d\u00e1 pra trazer pelo menos um&#8221;, escreveu um seguidor.<\/p>\n\n\n\n<p>J\u00e1 outro disse que Cuello n\u00e3o vem. &#8220;S\u00f3 viria se tivesse um investidor j\u00e1, que tivesse condi\u00e7\u00f5es de pagar algo em torno de 5 milh\u00f5es de euros, o que preocupa \u00e9 que o Cuello nem \u00e9 isso tudo, \u00e9 o Vasco est\u00e1 perdendo jogadores para outros clubes novamente, o Santos subiu e t\u00e1 com o planejamento de montar um time mais forte que o nosso, enquanto isso o Pedrinho t\u00e1 preocupado em desmentir as fofocas, e o Marcelo Santana curtindo as praias&#8221;, disse o torcedor Rodrigo Goes.<\/p>\n\n\n\n<p><strong><em><sup>#sgvaimudar<\/sup><\/em><\/strong><\/p>\n\n\n\n<figure class=\"wp-block-image size-large\"><img fetchpriority=\"high\" decoding=\"async\" width=\"1024\" height=\"321\" src=\"https:\/\/sgvaimudar.com.br\/wp-content\/uploads\/2023\/08\/Logo-Provisoria-2-1024x321.png\" alt=\"\" class=\"wp-image-2777\" srcset=\"https:\/\/sgvaimudar.com.br\/wp-content\/uploads\/2023\/08\/Logo-Provisoria-2-1024x321.png 1024w, https:\/\/sgvaimudar.com.br\/wp-content\/uploads\/2023\/08\/Logo-Provisoria-2-300x94.png 300w, https:\/\/sgvaimudar.com.br\/wp-content\/uploads\/2023\/08\/Logo-Provisoria-2-768x241.png 768w, https:\/\/sgvaimudar.com.br\/wp-content\/uploads\/2023\/08\/Logo-Provisoria-2-1536x482.png 1536w, https:\/\/sgvaimudar.com.br\/wp-content\/uploads\/2023\/08\/Logo-Provisoria-2-2048x642.png 2048w\" sizes=\"(max-width: 1024px) 100vw, 1024px\" \/><\/figure>\n","protected":false},"excerpt":{"rendered":"<p>Apura\u00e7\u00e3o NTV e NT-Cast mostrou a situa\u00e7\u00e3o do jogador que est\u00e1 na mira do Cruzmaltino O site Net Vasco informou&hellip;<\/p>\n","protected":false},"author":5,"featured_media":17204,"comment_status":"open","ping_status":"open","sticky":false,"template":"","format":"standard","meta":{"fifu_image_url":"","fifu_image_alt":"","footnotes":""},"categories":[5],"tags":[],"class_list":["post-17203","post","type-post","status-publish","format-standard","has-post-thumbnail","hentry","category-esportes"],"_links":{"self":[{"href":"https:\/\/sgvaimudar.com.br\/index.php\/wp-json\/wp\/v2\/posts\/17203","targetHints":{"allow":["GET"]}}],"collection":[{"href":"https:\/\/sgvaimudar.com.br\/index.php\/wp-json\/wp\/v2\/posts"}],"about":[{"href":"https:\/\/sgvaimudar.com.br\/index.php\/wp-json\/wp\/v2\/types\/post"}],"author":[{"embeddable":true,"href":"https:\/\/sgvaimudar.com.br\/index.php\/wp-json\/wp\/v2\/users\/5"}],"replies":[{"embeddable":true,"href":"https:\/\/sgvaimudar.com.br\/index.php\/wp-json\/wp\/v2\/comments?post=17203"}],"version-history":[{"count":1,"href":"https:\/\/sgvaimudar.com.br\/index.php\/wp-json\/wp\/v2\/posts\/17203\/revisions"}],"predecessor-version":[{"id":17205,"href":"https:\/\/sgvaimudar.com.br\/index.php\/wp-json\/wp\/v2\/posts\/17203\/revisions\/17205"}],"wp:featuredmedia":[{"embeddable":true,"href":"https:\/\/sgvaimudar.com.br\/index.php\/wp-json\/wp\/v2\/media\/17204"}],"wp:attachment":[{"href":"https:\/\/sgvaimudar.com.br\/index.php\/wp-json\/wp\/v2\/media?parent=17203"}],"wp:term":[{"taxonomy":"category","embeddable":true,"href":"https:\/\/sgvaimudar.com.br\/index.php\/wp-json\/wp\/v2\/categories?post=17203"},{"taxonomy":"post_tag","embeddable":true,"href":"https:\/\/sgvaimudar.com.br\/index.php\/wp-json\/wp\/v2\/tags?post=17203"}],"curies":[{"name":"wp","href":"https:\/\/api.w.org\/{rel}","templated":true}]}}