{"id":17103,"date":"2024-12-13T15:00:00","date_gmt":"2024-12-13T18:00:00","guid":{"rendered":"https:\/\/sgvaimudar.com.br\/?p=17103"},"modified":"2024-12-13T10:36:03","modified_gmt":"2024-12-13T13:36:03","slug":"setram-e-detro-rj-promovem-capacitacao-para-permissionarios-e-motoristas-para-a-implantacao-da-biometria-facial-nas-vans-intermunicipais","status":"publish","type":"post","link":"https:\/\/sgvaimudar.com.br\/index.php\/2024\/12\/13\/setram-e-detro-rj-promovem-capacitacao-para-permissionarios-e-motoristas-para-a-implantacao-da-biometria-facial-nas-vans-intermunicipais\/","title":{"rendered":"Setram e Detro-RJ promovem capacita\u00e7\u00e3o para permission\u00e1rios e motoristas para a implanta\u00e7\u00e3o da biometria facial nas vans intermunicipais"},"content":{"rendered":"\n<p><em>A partir de janeiro de 2025, o equipamento de seguran\u00e7a come\u00e7ar\u00e1 a ser instalado em toda a frota<\/em><\/p>\n\n\n\n<p>Nesta quinta-feira (12\/12), permission\u00e1rios e motoristas auxiliares de vans intermunicipais participaram de uma capacita\u00e7\u00e3o para orientar os passageiros no uso do validador biom\u00e9trico facial, tecnologia que come\u00e7ar\u00e1 a ser implementada a partir de janeiro do ano que vem em toda a frota complementar fluminense.<\/p>\n\n\n\n<figure class=\"wp-block-image size-large\"><img fetchpriority=\"high\" decoding=\"async\" width=\"1024\" height=\"684\" src=\"https:\/\/sgvaimudar.com.br\/wp-content\/uploads\/2024\/12\/Acao-12.12-02-1024x684.jpeg\" alt=\"\" class=\"wp-image-17104\" srcset=\"https:\/\/sgvaimudar.com.br\/wp-content\/uploads\/2024\/12\/Acao-12.12-02-1024x684.jpeg 1024w, https:\/\/sgvaimudar.com.br\/wp-content\/uploads\/2024\/12\/Acao-12.12-02-300x201.jpeg 300w, https:\/\/sgvaimudar.com.br\/wp-content\/uploads\/2024\/12\/Acao-12.12-02-768x513.jpeg 768w, https:\/\/sgvaimudar.com.br\/wp-content\/uploads\/2024\/12\/Acao-12.12-02-1536x1027.jpeg 1536w, https:\/\/sgvaimudar.com.br\/wp-content\/uploads\/2024\/12\/Acao-12.12-02.jpeg 1583w\" sizes=\"(max-width: 1024px) 100vw, 1024px\" \/><\/figure>\n\n\n\n<p>A aula inaugural, promovida pela Secretaria de Estado de Transporte e Mobilidade Urbana (Setram) e o Departamento de Transportes Rodovi\u00e1rios do Estado do Rio de Janeiro (Detro-RJ), contou com a participa\u00e7\u00e3o do presidente do Detro-RJ, Leonardo Matias, e do Superintendente de Bilhetagem Eletr\u00f4nica da Setram, Alexandre Alcorta Daiuto.<\/p>\n\n\n\n<p>Desde julho deste ano, o equipamento de seguran\u00e7a j\u00e1 vem sendo utilizado, em car\u00e1ter de teste, por algumas vans reguladas. A medida foi tomada ap\u00f3s uma investiga\u00e7\u00e3o conjunta do Detro-RJ, da Setram e da Pol\u00edcia Civil ter desmontado um esquema de uso indevido do benef\u00edcio. <\/p>\n\n\n\n<p>A a\u00e7\u00e3o de combate \u00e0 fraude levou a uma economia di\u00e1ria de cerca de R$ 40 mil aos cofres p\u00fablicos. Este ano, a secretaria bloqueou 57 mil benef\u00edcios de usu\u00e1rios por inconsist\u00eancia de cadastro ou utiliza\u00e7\u00e3o indevida.<\/p>\n\n\n\n<p>\u201cEstamos dando mais um passo significativo rumo \u00e0 implanta\u00e7\u00e3o da biometria facial nas vans intermunicipais do estado. Tudo isso \u00e9 fruto de um trabalho conjunto, que requer o esfor\u00e7o de todos e ser\u00e1 fundamental para combater irregularidades, trazer mais seguran\u00e7a ao passageiro, al\u00e9m de efici\u00eancia para opera\u00e7\u00e3o e para o controle dos gastos p\u00fablicos, garantindo a manuten\u00e7\u00e3o do BUI aos passageiros que t\u00eam direito e precisam do benef\u00edcio. O processo de implanta\u00e7\u00e3o ser\u00e1 feito de forma gradual at\u00e9 outubro de 2025\u201d, destacou o secret\u00e1rio de Estado de Transporte e Mobilidade Urbana, Washington Reis.<\/p>\n\n\n\n<p>Neste primeiro momento, cerca de 80 profissionais participaram do curso presencial, ministrado pela Riocard Mais. As pr\u00f3ximas turmas ser\u00e3o no formato online e tanto permission\u00e1rios quanto motoristas auxiliares v\u00e3o precisar completar a capacita\u00e7\u00e3o para receber o certificado de conclus\u00e3o e rodar legalmente no estado. As principais situa\u00e7\u00f5es de uso no dia a dia, incluindo o posicionamento correto do rosto de passageiros ao encostarem os cart\u00f5es habilitados com o Bilhete \u00danico Intermunicipal (BUI) nos validadores, ser\u00e3o alguns dos t\u00f3picos abordados.<\/p>\n\n\n\n<p><strong><em><sup>S\u00e3o Gon\u00e7alo Vai Mudar. O Maior Portal da Cidade.<\/sup><\/em><\/strong><\/p>\n\n\n\n<figure class=\"wp-block-image size-full\"><img decoding=\"async\" width=\"250\" height=\"87\" src=\"https:\/\/sgvaimudar.com.br\/wp-content\/uploads\/2023\/08\/cropped-Logo.png\" alt=\"\" class=\"wp-image-2739\" \/><\/figure>\n","protected":false},"excerpt":{"rendered":"<p>A partir de janeiro de 2025, o equipamento de seguran\u00e7a come\u00e7ar\u00e1 a ser instalado em toda a frota Nesta quinta-feira&hellip;<\/p>\n","protected":false},"author":5,"featured_media":17105,"comment_status":"open","ping_status":"open","sticky":false,"template":"","format":"standard","meta":{"fifu_image_url":"","fifu_image_alt":"","footnotes":""},"categories":[34,3],"tags":[],"class_list":["post-17103","post","type-post","status-publish","format-standard","has-post-thumbnail","hentry","category-niteroi","category-sao-goncalo"],"_links":{"self":[{"href":"https:\/\/sgvaimudar.com.br\/index.php\/wp-json\/wp\/v2\/posts\/17103","targetHints":{"allow":["GET"]}}],"collection":[{"href":"https:\/\/sgvaimudar.com.br\/index.php\/wp-json\/wp\/v2\/posts"}],"about":[{"href":"https:\/\/sgvaimudar.com.br\/index.php\/wp-json\/wp\/v2\/types\/post"}],"author":[{"embeddable":true,"href":"https:\/\/sgvaimudar.com.br\/index.php\/wp-json\/wp\/v2\/users\/5"}],"replies":[{"embeddable":true,"href":"https:\/\/sgvaimudar.com.br\/index.php\/wp-json\/wp\/v2\/comments?post=17103"}],"version-history":[{"count":1,"href":"https:\/\/sgvaimudar.com.br\/index.php\/wp-json\/wp\/v2\/posts\/17103\/revisions"}],"predecessor-version":[{"id":17106,"href":"https:\/\/sgvaimudar.com.br\/index.php\/wp-json\/wp\/v2\/posts\/17103\/revisions\/17106"}],"wp:featuredmedia":[{"embeddable":true,"href":"https:\/\/sgvaimudar.com.br\/index.php\/wp-json\/wp\/v2\/media\/17105"}],"wp:attachment":[{"href":"https:\/\/sgvaimudar.com.br\/index.php\/wp-json\/wp\/v2\/media?parent=17103"}],"wp:term":[{"taxonomy":"category","embeddable":true,"href":"https:\/\/sgvaimudar.com.br\/index.php\/wp-json\/wp\/v2\/categories?post=17103"},{"taxonomy":"post_tag","embeddable":true,"href":"https:\/\/sgvaimudar.com.br\/index.php\/wp-json\/wp\/v2\/tags?post=17103"}],"curies":[{"name":"wp","href":"https:\/\/api.w.org\/{rel}","templated":true}]}}