{"id":17099,"date":"2024-12-13T14:00:00","date_gmt":"2024-12-13T17:00:00","guid":{"rendered":"https:\/\/sgvaimudar.com.br\/?p=17099"},"modified":"2024-12-13T10:30:29","modified_gmt":"2024-12-13T13:30:29","slug":"prefeitura-realiza-interdicoes-para-avanco-das-obras-do-muvi-no-estrela-do-norte","status":"publish","type":"post","link":"https:\/\/sgvaimudar.com.br\/index.php\/2024\/12\/13\/prefeitura-realiza-interdicoes-para-avanco-das-obras-do-muvi-no-estrela-do-norte\/","title":{"rendered":"Prefeitura realiza interdi\u00e7\u00f5es para avan\u00e7o das obras do Muvi no Estrela do Norte"},"content":{"rendered":"\n<p><em>Principal mudan\u00e7a ser\u00e1 no tr\u00e2nsito da Avenida Presidente Kennedy<\/em><\/p>\n\n\n\n<p>A Secretaria de Transportes da Prefeitura de S\u00e3o Gon\u00e7alo, com o in\u00edcio das obras do trecho 4 do projeto Mobilidade Urbana Verde Integrada (Muvi), na altura do bairro Estrela do Norte, disse que implantou, a partir desta quinta-feira (12), as interdi\u00e7\u00f5es no tr\u00e2nsito para garantir o avan\u00e7o do projeto. <\/p>\n\n\n\n<figure class=\"wp-block-image size-large\"><img fetchpriority=\"high\" decoding=\"async\" width=\"1024\" height=\"684\" src=\"https:\/\/sgvaimudar.com.br\/wp-content\/uploads\/2024\/12\/unnamed-19-1-1024x684.jpg\" alt=\"\" class=\"wp-image-17100\" srcset=\"https:\/\/sgvaimudar.com.br\/wp-content\/uploads\/2024\/12\/unnamed-19-1-1024x684.jpg 1024w, https:\/\/sgvaimudar.com.br\/wp-content\/uploads\/2024\/12\/unnamed-19-1-300x200.jpg 300w, https:\/\/sgvaimudar.com.br\/wp-content\/uploads\/2024\/12\/unnamed-19-1-768x513.jpg 768w, https:\/\/sgvaimudar.com.br\/wp-content\/uploads\/2024\/12\/unnamed-19-1-1536x1027.jpg 1536w, https:\/\/sgvaimudar.com.br\/wp-content\/uploads\/2024\/12\/unnamed-19-1.jpg 1616w\" sizes=\"(max-width: 1024px) 100vw, 1024px\" \/><\/figure>\n\n\n\n<p>A principal mudan\u00e7a ser\u00e1 na Avenida Presidente Kennedy, na altura do Clube Mau\u00e1.<\/p>\n\n\n\n<p>Uma das mudan\u00e7as ser\u00e1 com rela\u00e7\u00e3o \u00e0 faixa exclusiva de \u00f4nibus, que permanecer\u00e1 fechada por tempo indeterminado. O estacionamento sob a linha f\u00e9rrea tamb\u00e9m estar\u00e1 proibido, por tempo indeterminado. <\/p>\n\n\n\n<p>Haver\u00e1 uma faixa livre para circula\u00e7\u00e3o de ve\u00edculos e viaturas no sentido do Clube Mau\u00e1, no trecho entre a Travessa Peri dos Santos e a sede provis\u00f3ria da Prefeitura, na Avenida Presidente Kennedy, n\u00ba 765.<\/p>\n\n\n\n<p><strong>MUVI\u00a0<\/strong>\u2013 As obras do Muvi s\u00e3o executadas atrav\u00e9s da Secretaria de Estado das Cidades, em parceria com a Prefeitura de S\u00e3o Gon\u00e7alo. O projeto contempla a cria\u00e7\u00e3o de um novo corredor vi\u00e1rio, com pistas preferenciais de \u00f4nibus e ciclovia, ligando o bairro de Neves a Guaxindiba, trecho onde s\u00e3o previstas v\u00e1rias interven\u00e7\u00f5es urban\u00edsticas, como redes de drenagem, e de paisagismo. Com investimento de R$ 287 milh\u00f5es, o corredor ter\u00e1 18 quil\u00f4metros de extens\u00e3o.<\/p>\n\n\n\n<p><em>Foto: Renan Otto<\/em><\/p>\n\n\n\n<p><strong><em><sup>S\u00e3o Gon\u00e7alo Vai Mudar. O Maior Portal da Cidade.<\/sup><\/em><\/strong><\/p>\n\n\n\n<figure class=\"wp-block-image size-full\"><img decoding=\"async\" width=\"251\" height=\"88\" src=\"https:\/\/sgvaimudar.com.br\/wp-content\/uploads\/2023\/08\/Logo.png\" alt=\"\" class=\"wp-image-2738\" \/><\/figure>\n","protected":false},"excerpt":{"rendered":"<p>Principal mudan\u00e7a ser\u00e1 no tr\u00e2nsito da Avenida Presidente Kennedy A Secretaria de Transportes da Prefeitura de S\u00e3o Gon\u00e7alo, com o&hellip;<\/p>\n","protected":false},"author":5,"featured_media":17101,"comment_status":"open","ping_status":"open","sticky":false,"template":"","format":"standard","meta":{"fifu_image_url":"","fifu_image_alt":"","footnotes":""},"categories":[3],"tags":[],"class_list":["post-17099","post","type-post","status-publish","format-standard","has-post-thumbnail","hentry","category-sao-goncalo"],"_links":{"self":[{"href":"https:\/\/sgvaimudar.com.br\/index.php\/wp-json\/wp\/v2\/posts\/17099","targetHints":{"allow":["GET"]}}],"collection":[{"href":"https:\/\/sgvaimudar.com.br\/index.php\/wp-json\/wp\/v2\/posts"}],"about":[{"href":"https:\/\/sgvaimudar.com.br\/index.php\/wp-json\/wp\/v2\/types\/post"}],"author":[{"embeddable":true,"href":"https:\/\/sgvaimudar.com.br\/index.php\/wp-json\/wp\/v2\/users\/5"}],"replies":[{"embeddable":true,"href":"https:\/\/sgvaimudar.com.br\/index.php\/wp-json\/wp\/v2\/comments?post=17099"}],"version-history":[{"count":1,"href":"https:\/\/sgvaimudar.com.br\/index.php\/wp-json\/wp\/v2\/posts\/17099\/revisions"}],"predecessor-version":[{"id":17102,"href":"https:\/\/sgvaimudar.com.br\/index.php\/wp-json\/wp\/v2\/posts\/17099\/revisions\/17102"}],"wp:featuredmedia":[{"embeddable":true,"href":"https:\/\/sgvaimudar.com.br\/index.php\/wp-json\/wp\/v2\/media\/17101"}],"wp:attachment":[{"href":"https:\/\/sgvaimudar.com.br\/index.php\/wp-json\/wp\/v2\/media?parent=17099"}],"wp:term":[{"taxonomy":"category","embeddable":true,"href":"https:\/\/sgvaimudar.com.br\/index.php\/wp-json\/wp\/v2\/categories?post=17099"},{"taxonomy":"post_tag","embeddable":true,"href":"https:\/\/sgvaimudar.com.br\/index.php\/wp-json\/wp\/v2\/tags?post=17099"}],"curies":[{"name":"wp","href":"https:\/\/api.w.org\/{rel}","templated":true}]}}