{"id":17076,"date":"2024-12-13T11:00:00","date_gmt":"2024-12-13T14:00:00","guid":{"rendered":"https:\/\/sgvaimudar.com.br\/?p=17076"},"modified":"2024-12-13T09:52:16","modified_gmt":"2024-12-13T12:52:16","slug":"feira-da-cultura-natalina-recebe-projeto-inraizando","status":"publish","type":"post","link":"https:\/\/sgvaimudar.com.br\/index.php\/2024\/12\/13\/feira-da-cultura-natalina-recebe-projeto-inraizando\/","title":{"rendered":"Feira da Cultura natalina recebe projeto INraizando\u00a0"},"content":{"rendered":"\n<p><em>Evento ter\u00e1 gastronomia, arte, artesanato e cultura afro-brasileira<\/em><\/p>\n\n\n\n<p>A Secretaria de Turismo e Cultura promove mais uma edi\u00e7\u00e3o da Feira da Cultura &#8211; Especial de Natal, nesta sexta-feira (13). \u00c9 um evento que visa promover o empreendedorismo local e proporcionar uma experi\u00eancia \u00fanica de Natal. A feira acontecer\u00e1 das 9h \u00e0s 17h, no Centro Cultural Joaquim Lavoura, com entrada gratuita.<\/p>\n\n\n\n<figure class=\"wp-block-image size-large\"><img fetchpriority=\"high\" decoding=\"async\" width=\"819\" height=\"1024\" src=\"https:\/\/sgvaimudar.com.br\/wp-content\/uploads\/2024\/12\/unnamed-1-1-819x1024.png\" alt=\"\" class=\"wp-image-17077\" srcset=\"https:\/\/sgvaimudar.com.br\/wp-content\/uploads\/2024\/12\/unnamed-1-1-819x1024.png 819w, https:\/\/sgvaimudar.com.br\/wp-content\/uploads\/2024\/12\/unnamed-1-1-240x300.png 240w, https:\/\/sgvaimudar.com.br\/wp-content\/uploads\/2024\/12\/unnamed-1-1-768x960.png 768w, https:\/\/sgvaimudar.com.br\/wp-content\/uploads\/2024\/12\/unnamed-1-1.png 1080w\" sizes=\"(max-width: 819px) 100vw, 819px\" \/><\/figure>\n\n\n\n<p>Durante o evento, os visitantes poder\u00e3o explorar uma grande variedade de artesanatos locais e decora\u00e7\u00f5es natalinas, al\u00e9m de saborear pratos t\u00edpicos e inovadores preparados por chefs locais. A feira tamb\u00e9m oferece a oportunidade para quem deseja encomendar sua ceia natalina, fortalecendo a economia local e tornando sua celebra\u00e7\u00e3o de fim de ano ainda mais especial.<\/p>\n\n\n\n<p>A participa\u00e7\u00e3o do Coletivo INraizando \u00e9 outro destaque. O coletivo, que promove a cultura afro-brasileira e o empreendedorismo social, estar\u00e1 presente com atividades culturais e apoio a empreendedores negros, refor\u00e7ando a diversidade e a inclus\u00e3o.<\/p>\n\n\n\n<p>Em caso de condi\u00e7\u00f5es clim\u00e1ticas adversas, existe a possibilidade de adiamento do evento para garantir a seguran\u00e7a e o conforto de todos os participantes<\/p>\n\n\n\n<p><strong>Servi\u00e7o:<\/strong><\/p>\n\n\n\n<p>Data: 13 de dezembro. Hor\u00e1rio: 9h \u00e0s 17h. Local: Centro Cultural Joaquim Lavoura. Entrada: Gratuita.<\/p>\n\n\n\n<p><strong><em><sup>S\u00e3o Gon\u00e7alo Vai Mudar. O Maior Portal da Cidade.<\/sup><\/em><\/strong><\/p>\n\n\n\n<figure class=\"wp-block-image size-large\"><img decoding=\"async\" width=\"1024\" height=\"321\" src=\"https:\/\/sgvaimudar.com.br\/wp-content\/uploads\/2023\/08\/cropped-Logo-Provisoria-2-1024x321.png\" alt=\"\" class=\"wp-image-2778\" srcset=\"https:\/\/sgvaimudar.com.br\/wp-content\/uploads\/2023\/08\/cropped-Logo-Provisoria-2-1024x321.png 1024w, https:\/\/sgvaimudar.com.br\/wp-content\/uploads\/2023\/08\/cropped-Logo-Provisoria-2-300x94.png 300w, https:\/\/sgvaimudar.com.br\/wp-content\/uploads\/2023\/08\/cropped-Logo-Provisoria-2-768x240.png 768w, https:\/\/sgvaimudar.com.br\/wp-content\/uploads\/2023\/08\/cropped-Logo-Provisoria-2-1536x481.png 1536w, https:\/\/sgvaimudar.com.br\/wp-content\/uploads\/2023\/08\/cropped-Logo-Provisoria-2-2048x641.png 2048w\" sizes=\"(max-width: 1024px) 100vw, 1024px\" \/><\/figure>\n","protected":false},"excerpt":{"rendered":"<p>Evento ter\u00e1 gastronomia, arte, artesanato e cultura afro-brasileira A Secretaria de Turismo e Cultura promove mais uma edi\u00e7\u00e3o da Feira&hellip;<\/p>\n","protected":false},"author":5,"featured_media":7852,"comment_status":"open","ping_status":"open","sticky":false,"template":"","format":"standard","meta":{"fifu_image_url":"","fifu_image_alt":"","footnotes":""},"categories":[6],"tags":[],"class_list":["post-17076","post","type-post","status-publish","format-standard","has-post-thumbnail","hentry","category-entretenimento"],"_links":{"self":[{"href":"https:\/\/sgvaimudar.com.br\/index.php\/wp-json\/wp\/v2\/posts\/17076","targetHints":{"allow":["GET"]}}],"collection":[{"href":"https:\/\/sgvaimudar.com.br\/index.php\/wp-json\/wp\/v2\/posts"}],"about":[{"href":"https:\/\/sgvaimudar.com.br\/index.php\/wp-json\/wp\/v2\/types\/post"}],"author":[{"embeddable":true,"href":"https:\/\/sgvaimudar.com.br\/index.php\/wp-json\/wp\/v2\/users\/5"}],"replies":[{"embeddable":true,"href":"https:\/\/sgvaimudar.com.br\/index.php\/wp-json\/wp\/v2\/comments?post=17076"}],"version-history":[{"count":1,"href":"https:\/\/sgvaimudar.com.br\/index.php\/wp-json\/wp\/v2\/posts\/17076\/revisions"}],"predecessor-version":[{"id":17078,"href":"https:\/\/sgvaimudar.com.br\/index.php\/wp-json\/wp\/v2\/posts\/17076\/revisions\/17078"}],"wp:featuredmedia":[{"embeddable":true,"href":"https:\/\/sgvaimudar.com.br\/index.php\/wp-json\/wp\/v2\/media\/7852"}],"wp:attachment":[{"href":"https:\/\/sgvaimudar.com.br\/index.php\/wp-json\/wp\/v2\/media?parent=17076"}],"wp:term":[{"taxonomy":"category","embeddable":true,"href":"https:\/\/sgvaimudar.com.br\/index.php\/wp-json\/wp\/v2\/categories?post=17076"},{"taxonomy":"post_tag","embeddable":true,"href":"https:\/\/sgvaimudar.com.br\/index.php\/wp-json\/wp\/v2\/tags?post=17076"}],"curies":[{"name":"wp","href":"https:\/\/api.w.org\/{rel}","templated":true}]}}