{"id":17066,"date":"2024-12-13T09:16:58","date_gmt":"2024-12-13T12:16:58","guid":{"rendered":"https:\/\/sgvaimudar.com.br\/?p=17066"},"modified":"2024-12-13T09:16:59","modified_gmt":"2024-12-13T12:16:59","slug":"fim-de-semana-cultural-em-sao-goncalo-musica-gastronomia-e-tradicao","status":"publish","type":"post","link":"https:\/\/sgvaimudar.com.br\/index.php\/2024\/12\/13\/fim-de-semana-cultural-em-sao-goncalo-musica-gastronomia-e-tradicao\/","title":{"rendered":"Fim de semana cultural em S\u00e3o Gon\u00e7alo: m\u00fasica, gastronomia e tradi\u00e7\u00e3o"},"content":{"rendered":"\n<p><em>De feijoada e samba a espet\u00e1culos de dan\u00e7a e capoeira, a cidade oferece uma programa\u00e7\u00e3o diversificada\u00a0<\/em><\/p>\n\n\n\n<p>O munic\u00edpio de S\u00e3o Gon\u00e7alo se prepara para mais um final de semana repleto de cultura, m\u00fasica e gastronomia, com uma programa\u00e7\u00e3o diversificada que promete agradar a todos os p\u00fablicos. De sexta a domingo, 13 a 15 de dezembro, a cidade recebe eventos para todos os gostos, desde festas tradicionais at\u00e9 espet\u00e1culos art\u00edsticos, celebrando a riqueza cultural brasileira.<\/p>\n\n\n\n<figure class=\"wp-block-image size-large\"><img fetchpriority=\"high\" decoding=\"async\" width=\"1024\" height=\"682\" src=\"https:\/\/sgvaimudar.com.br\/wp-content\/uploads\/2024\/12\/WhatsApp-Image-2024-12-11-at-19.28.39-1024x682.jpeg\" alt=\"\" class=\"wp-image-17030\" srcset=\"https:\/\/sgvaimudar.com.br\/wp-content\/uploads\/2024\/12\/WhatsApp-Image-2024-12-11-at-19.28.39-1024x682.jpeg 1024w, https:\/\/sgvaimudar.com.br\/wp-content\/uploads\/2024\/12\/WhatsApp-Image-2024-12-11-at-19.28.39-300x200.jpeg 300w, https:\/\/sgvaimudar.com.br\/wp-content\/uploads\/2024\/12\/WhatsApp-Image-2024-12-11-at-19.28.39-768x512.jpeg 768w, https:\/\/sgvaimudar.com.br\/wp-content\/uploads\/2024\/12\/WhatsApp-Image-2024-12-11-at-19.28.39-1536x1023.jpeg 1536w, https:\/\/sgvaimudar.com.br\/wp-content\/uploads\/2024\/12\/WhatsApp-Image-2024-12-11-at-19.28.39.jpeg 1600w\" sizes=\"(max-width: 1024px) 100vw, 1024px\" \/><\/figure>\n\n\n\n<p>Nesta sexta-feira, a partir das 19h30, a Pra\u00e7a do Coluband\u00ea ser\u00e1 palco para uma apresenta\u00e7\u00e3o da Orquestra Sinf\u00f4nica Juvenil Chiquinha Gonzaga. A popula\u00e7\u00e3o gon\u00e7alense poder\u00e1 desfrutar de m\u00fasica cl\u00e1ssica de forma totalmente gratuita. O evento \u00e9 uma realiza\u00e7\u00e3o do Sesc, em parceria com a Prefeitura de S\u00e3o Gon\u00e7alo.<\/p>\n\n\n\n<p>No dia 14, s\u00e1bado, o Centro de Tradi\u00e7\u00f5es Nordestinas de S\u00e3o Gon\u00e7alo abre suas portas para o 1\u00ba Festival da Cultura Brasileira. O evento ter\u00e1 in\u00edcio \u00e0s 14h com uma deliciosa feijoada, servida aos participantes por apenas R$ 34,90 por pessoa, e a festa continua com roda de pagode ao vivo, comandada pelo talentoso Jorginho Cardozo, a partir das 16h. Para garantir sua mesa, \u00e9 necess\u00e1rio realizar a reserva diretamente no Centro de Tradi\u00e7\u00f5es Nordestinas.<\/p>\n\n\n\n<figure class=\"wp-block-image size-large\"><img decoding=\"async\" width=\"1024\" height=\"1024\" src=\"https:\/\/sgvaimudar.com.br\/wp-content\/uploads\/2024\/12\/unnamed-9-3-1024x1024.jpg\" alt=\"\" class=\"wp-image-17067\" srcset=\"https:\/\/sgvaimudar.com.br\/wp-content\/uploads\/2024\/12\/unnamed-9-3-1024x1024.jpg 1024w, https:\/\/sgvaimudar.com.br\/wp-content\/uploads\/2024\/12\/unnamed-9-3-300x300.jpg 300w, https:\/\/sgvaimudar.com.br\/wp-content\/uploads\/2024\/12\/unnamed-9-3-150x150.jpg 150w, https:\/\/sgvaimudar.com.br\/wp-content\/uploads\/2024\/12\/unnamed-9-3-768x768.jpg 768w, https:\/\/sgvaimudar.com.br\/wp-content\/uploads\/2024\/12\/unnamed-9-3.jpg 1080w\" sizes=\"(max-width: 1024px) 100vw, 1024px\" \/><\/figure>\n\n\n\n<p>Ainda no s\u00e1bado, o Teatro Municipal de S\u00e3o Gon\u00e7alo apresenta o encantador espet\u00e1culo &#8220;Uni Duni T\u00ea&#8221;, \u00e0s 18h. A atra\u00e7\u00e3o promete emocionar o p\u00fablico de todas as idades, com coreografias din\u00e2micas, figurinos vibrantes e uma hist\u00f3ria que celebra a imagina\u00e7\u00e3o infantil. A pe\u00e7a \u00e9 uma homenagem \u00e0 pureza dos sonhos e da criatividade que marcam a inf\u00e2ncia. Informa\u00e7\u00f5es e ingressos via WhatsApp: (21) 97925-4393.<\/p>\n\n\n\n<p>\u00c0 noite, a partir das 19h, acontece o Natal da Gente na Pra\u00e7a Z\u00e9 Garoto, com inaugura\u00e7\u00e3o da \u00e1rvore e chegada de Papai Noel. A Orquestra Municipal de S\u00e3o Gon\u00e7alo vai levar uma apresenta\u00e7\u00e3o especial para o gon\u00e7alense, com um repert\u00f3rio que promete emocionar o p\u00fablico. O evento tamb\u00e9m vai contar com um espa\u00e7o instagram\u00e1vel, para que as fam\u00edlias possam registrar o momento em fotos e v\u00eddeos. O evento acontece atrav\u00e9s de um projeto contemplado pela Pol\u00edtica Nacional Aldir Blanc, do governo federal, atrav\u00e9s da Secretaria de Turismo e Cultura de S\u00e3o Gon\u00e7alo.<\/p>\n\n\n\n<figure class=\"wp-block-image size-large\"><img decoding=\"async\" width=\"576\" height=\"1024\" src=\"https:\/\/sgvaimudar.com.br\/wp-content\/uploads\/2024\/12\/unnamed-10-3-576x1024.jpg\" alt=\"\" class=\"wp-image-17068\" srcset=\"https:\/\/sgvaimudar.com.br\/wp-content\/uploads\/2024\/12\/unnamed-10-3-576x1024.jpg 576w, https:\/\/sgvaimudar.com.br\/wp-content\/uploads\/2024\/12\/unnamed-10-3-169x300.jpg 169w, https:\/\/sgvaimudar.com.br\/wp-content\/uploads\/2024\/12\/unnamed-10-3-768x1366.jpg 768w, https:\/\/sgvaimudar.com.br\/wp-content\/uploads\/2024\/12\/unnamed-10-3-864x1536.jpg 864w, https:\/\/sgvaimudar.com.br\/wp-content\/uploads\/2024\/12\/unnamed-10-3.jpg 899w\" sizes=\"(max-width: 576px) 100vw, 576px\" \/><\/figure>\n\n\n\n<p>Para quem aprecia gastronomia e m\u00fasica, no dia 15 de dezembro, domingo, o Centro de Tradi\u00e7\u00f5es Nordestinas tamb\u00e9m ser\u00e1 palco do \u201cAlmo\u00e7o de Vinil\u201d, um evento que combina m\u00fasica e charme, gastronomia e solidariedade. Durante o evento, os participantes poder\u00e3o saborear pratos t\u00edpicos com feijoada e bai\u00e3o de dois, enquanto apreciam cl\u00e1ssicos em vinil e se divertem com o baile charme. O evento \u00e9 gratuito, mas se destaca pelo seu compromisso social, unindo cultura e inclus\u00e3o.<\/p>\n\n\n\n<p>No mesmo dia, a partir das 10h, a Associa\u00e7\u00e3o de Capoeira Ginga Rio realiza o Encontro Cultural 2024 no Centro Cultural Joaquim Lavoura. O evento contar\u00e1 com batismo de novos capoeiristas, troca de cordas, espet\u00e1culos culturais e formatura, celebrando a rica tradi\u00e7\u00e3o da capoeira, uma das express\u00f5es mais aut\u00eanticas da cultura brasileira. A entrada \u00e9 gratuita e o evento \u00e9 uma excelente oportunidade para quem deseja conhecer mais sobre essa arte marcial que mistura dan\u00e7a, m\u00fasica e hist\u00f3ria.\u00a0<\/p>\n\n\n\n<figure class=\"wp-block-image size-large\"><img loading=\"lazy\" decoding=\"async\" width=\"576\" height=\"1024\" src=\"https:\/\/sgvaimudar.com.br\/wp-content\/uploads\/2024\/12\/unnamed-11-3-576x1024.jpg\" alt=\"\" class=\"wp-image-17069\" srcset=\"https:\/\/sgvaimudar.com.br\/wp-content\/uploads\/2024\/12\/unnamed-11-3-576x1024.jpg 576w, https:\/\/sgvaimudar.com.br\/wp-content\/uploads\/2024\/12\/unnamed-11-3-169x300.jpg 169w, https:\/\/sgvaimudar.com.br\/wp-content\/uploads\/2024\/12\/unnamed-11-3-768x1365.jpg 768w, https:\/\/sgvaimudar.com.br\/wp-content\/uploads\/2024\/12\/unnamed-11-3-864x1536.jpg 864w, https:\/\/sgvaimudar.com.br\/wp-content\/uploads\/2024\/12\/unnamed-11-3.jpg 900w\" sizes=\"(max-width: 576px) 100vw, 576px\" \/><\/figure>\n\n\n\n<p>J\u00e1 \u00e0s 16h do domingo, no Teatro Municipal, a Motir\u00f4 Studio de Dan\u00e7a apresenta &#8220;Aladdin e os Tr\u00eas Pedidos da Vida&#8221;, um espet\u00e1culo de dan\u00e7a e teatro que resgata a magia do cl\u00e1ssico Aladdin, mas com uma abordagem in\u00e9dita e profunda. Dirigido por Gilbert Souza, o espet\u00e1culo convida o p\u00fablico a refletir sobre os verdadeiros desejos da vida, com coreografias marcantes e uma narrativa inspiradora. Ingressos via WhatsApp: Gilbet \/ (21) 98006-4908.<\/p>\n\n\n\n<p>Para encerrar o fim de semana, no mesmo dia, o evento \u201cRei da Lona\u201d promete agitar o p\u00fablico a partir das 16h, com pocket shows, sets de DJs e batalhas de rima. A celebra\u00e7\u00e3o da cultura urbana re\u00fane artistas da cena musical, com muita energia e express\u00e3o, e valoriza a cultura das ruas. O evento \u00e9 gratuito e \u00e9 uma \u00f3tima pedida para quem ama o hip-hop e a cultura de rua.\u00a0<\/p>\n\n\n\n<p><em><sup><strong>S\u00e3o Gon\u00e7alo Vai Mudar. O Maior Portal da Cidade.<\/strong><\/sup><\/em><\/p>\n\n\n\n<figure class=\"wp-block-image size-full\"><img loading=\"lazy\" decoding=\"async\" width=\"317\" height=\"110\" src=\"https:\/\/sgvaimudar.com.br\/wp-content\/uploads\/2023\/08\/cropped-Logo-Provisoria-2-2.png\" alt=\"\" class=\"wp-image-2782\" srcset=\"https:\/\/sgvaimudar.com.br\/wp-content\/uploads\/2023\/08\/cropped-Logo-Provisoria-2-2.png 317w, https:\/\/sgvaimudar.com.br\/wp-content\/uploads\/2023\/08\/cropped-Logo-Provisoria-2-2-300x104.png 300w\" sizes=\"(max-width: 317px) 100vw, 317px\" \/><\/figure>\n","protected":false},"excerpt":{"rendered":"<p>De feijoada e samba a espet\u00e1culos de dan\u00e7a e capoeira, a cidade oferece uma programa\u00e7\u00e3o diversificada\u00a0 O munic\u00edpio de S\u00e3o&hellip;<\/p>\n","protected":false},"author":5,"featured_media":17070,"comment_status":"open","ping_status":"open","sticky":false,"template":"","format":"standard","meta":{"fifu_image_url":"","fifu_image_alt":"","footnotes":""},"categories":[6],"tags":[],"class_list":["post-17066","post","type-post","status-publish","format-standard","has-post-thumbnail","hentry","category-entretenimento"],"_links":{"self":[{"href":"https:\/\/sgvaimudar.com.br\/index.php\/wp-json\/wp\/v2\/posts\/17066","targetHints":{"allow":["GET"]}}],"collection":[{"href":"https:\/\/sgvaimudar.com.br\/index.php\/wp-json\/wp\/v2\/posts"}],"about":[{"href":"https:\/\/sgvaimudar.com.br\/index.php\/wp-json\/wp\/v2\/types\/post"}],"author":[{"embeddable":true,"href":"https:\/\/sgvaimudar.com.br\/index.php\/wp-json\/wp\/v2\/users\/5"}],"replies":[{"embeddable":true,"href":"https:\/\/sgvaimudar.com.br\/index.php\/wp-json\/wp\/v2\/comments?post=17066"}],"version-history":[{"count":1,"href":"https:\/\/sgvaimudar.com.br\/index.php\/wp-json\/wp\/v2\/posts\/17066\/revisions"}],"predecessor-version":[{"id":17071,"href":"https:\/\/sgvaimudar.com.br\/index.php\/wp-json\/wp\/v2\/posts\/17066\/revisions\/17071"}],"wp:featuredmedia":[{"embeddable":true,"href":"https:\/\/sgvaimudar.com.br\/index.php\/wp-json\/wp\/v2\/media\/17070"}],"wp:attachment":[{"href":"https:\/\/sgvaimudar.com.br\/index.php\/wp-json\/wp\/v2\/media?parent=17066"}],"wp:term":[{"taxonomy":"category","embeddable":true,"href":"https:\/\/sgvaimudar.com.br\/index.php\/wp-json\/wp\/v2\/categories?post=17066"},{"taxonomy":"post_tag","embeddable":true,"href":"https:\/\/sgvaimudar.com.br\/index.php\/wp-json\/wp\/v2\/tags?post=17066"}],"curies":[{"name":"wp","href":"https:\/\/api.w.org\/{rel}","templated":true}]}}