{"id":16988,"date":"2024-12-11T21:00:00","date_gmt":"2024-12-12T00:00:00","guid":{"rendered":"https:\/\/sgvaimudar.com.br\/?p=16988"},"modified":"2024-12-11T12:00:14","modified_gmt":"2024-12-11T15:00:14","slug":"samba-do-milton-cunha-estreia-na-noite-desta-sexta-13-na-lapa","status":"publish","type":"post","link":"https:\/\/sgvaimudar.com.br\/index.php\/2024\/12\/11\/samba-do-milton-cunha-estreia-na-noite-desta-sexta-13-na-lapa\/","title":{"rendered":"Samba do Milton Cunha estreia na noite desta sexta (13) na Lapa"},"content":{"rendered":"\n<p><em>Segundo as informa\u00e7\u00f5es, um convidado surpresa tamb\u00e9m vai abrilhantar a festa<\/em><\/p>\n\n\n\n<p>O Samba do Milton Cunha vai estrear na noite desta sexta-feira (13), no Casar\u00e3o do Firmino, na Lapa, (RJ), com os Puxadores do Samba: que \u00e9 um grupo formado pelos int\u00e9rpretes Tinga (Unidos de Vila Isabel); Bruno Ribas (Unidos de Padre Miguel); Marquinho Art Samba (Esta\u00e7\u00e3o Primeira de Mangueira); Wantuir (Unidos do Porto da Pedra) e Serginho do Porto( Est\u00e1cio de S\u00e1).<\/p>\n\n\n\n<p>Segundo as informa\u00e7\u00f5es, na ocasi\u00e3o, haver\u00e1 um show de passistas; a Bateria Surdo Um da Mangueira; a cantora Margarete Mendes e um convidado surpresa tamb\u00e9m vai abrilhantar a festa que, nos intervalos, contar\u00e1 com a DJ Nicolle Neumann.<\/p>\n\n\n\n<p>A entrada \u00e9 colaborativa: paga-se o quanto puder e se quiser.<\/p>\n\n\n\n<p>O Casar\u00e3o fica na Rua da Rela\u00e7\u00e3o, 19, na Lapa, regi\u00e3o central do Rio. Classifica\u00e7\u00e3o: 18 anos. Mais informa\u00e7\u00f5es: 21 99926-5295. @casaraodofirmino.<\/p>\n\n\n\n<p><strong><em><sup>S\u00e3o Gon\u00e7alo Vai Mudar. O Maior Portal da Cidade.<\/sup><\/em><\/strong><\/p>\n\n\n\n<figure class=\"wp-block-image size-full\"><img decoding=\"async\" width=\"251\" height=\"88\" src=\"https:\/\/sgvaimudar.com.br\/wp-content\/uploads\/2023\/08\/Logo.png\" alt=\"\" class=\"wp-image-2738\" \/><\/figure>\n","protected":false},"excerpt":{"rendered":"<p>Segundo as informa\u00e7\u00f5es, um convidado surpresa tamb\u00e9m vai abrilhantar a festa O Samba do Milton Cunha vai estrear na noite&hellip;<\/p>\n","protected":false},"author":5,"featured_media":16989,"comment_status":"open","ping_status":"open","sticky":false,"template":"","format":"standard","meta":{"fifu_image_url":"","fifu_image_alt":"","footnotes":""},"categories":[6],"tags":[],"class_list":["post-16988","post","type-post","status-publish","format-standard","has-post-thumbnail","hentry","category-entretenimento"],"_links":{"self":[{"href":"https:\/\/sgvaimudar.com.br\/index.php\/wp-json\/wp\/v2\/posts\/16988","targetHints":{"allow":["GET"]}}],"collection":[{"href":"https:\/\/sgvaimudar.com.br\/index.php\/wp-json\/wp\/v2\/posts"}],"about":[{"href":"https:\/\/sgvaimudar.com.br\/index.php\/wp-json\/wp\/v2\/types\/post"}],"author":[{"embeddable":true,"href":"https:\/\/sgvaimudar.com.br\/index.php\/wp-json\/wp\/v2\/users\/5"}],"replies":[{"embeddable":true,"href":"https:\/\/sgvaimudar.com.br\/index.php\/wp-json\/wp\/v2\/comments?post=16988"}],"version-history":[{"count":1,"href":"https:\/\/sgvaimudar.com.br\/index.php\/wp-json\/wp\/v2\/posts\/16988\/revisions"}],"predecessor-version":[{"id":16990,"href":"https:\/\/sgvaimudar.com.br\/index.php\/wp-json\/wp\/v2\/posts\/16988\/revisions\/16990"}],"wp:featuredmedia":[{"embeddable":true,"href":"https:\/\/sgvaimudar.com.br\/index.php\/wp-json\/wp\/v2\/media\/16989"}],"wp:attachment":[{"href":"https:\/\/sgvaimudar.com.br\/index.php\/wp-json\/wp\/v2\/media?parent=16988"}],"wp:term":[{"taxonomy":"category","embeddable":true,"href":"https:\/\/sgvaimudar.com.br\/index.php\/wp-json\/wp\/v2\/categories?post=16988"},{"taxonomy":"post_tag","embeddable":true,"href":"https:\/\/sgvaimudar.com.br\/index.php\/wp-json\/wp\/v2\/tags?post=16988"}],"curies":[{"name":"wp","href":"https:\/\/api.w.org\/{rel}","templated":true}]}}