{"id":16979,"date":"2024-12-11T15:00:00","date_gmt":"2024-12-11T18:00:00","guid":{"rendered":"https:\/\/sgvaimudar.com.br\/?p=16979"},"modified":"2024-12-11T11:32:24","modified_gmt":"2024-12-11T14:32:24","slug":"morto-e-dois-baleados-apos-tiroteio-em-niteroi","status":"publish","type":"post","link":"https:\/\/sgvaimudar.com.br\/index.php\/2024\/12\/11\/morto-e-dois-baleados-apos-tiroteio-em-niteroi\/","title":{"rendered":"Morto e dois baleados ap\u00f3s tiroteio em Niter\u00f3i"},"content":{"rendered":"\n<p><em>Um dos envolvidos \u00e9 menor de idade, segundo PM<\/em><\/p>\n\n\n\n<p>Um homem, de 19 anos, acusado de trocar tiros com a Pol\u00edcia Militar foi morto na Comunidade do Serr\u00e3o, no Cubango, em Niter\u00f3i, nesta ter\u00e7a-feira (10). Segundo a PM, ele era conhecido como &#8220;Bebel do Sab\u00e3o&#8221;.<\/p>\n\n\n\n<p>Outros dois comparsas ficaram feridos, sendo: um menor de 16 anos &#8211; que foi baleado na perna e segue internado sob cust\u00f3dia; e um outro homem de 28 anos &#8211; atingido por estilha\u00e7os. Este \u00faltimo estava foragido, e tem passagens por tr\u00e1fico de drogas e roubo, segundo a PM.<\/p>\n\n\n\n<p>Ap\u00f3s ser socorrido pelo Corpo de Bombeiros e atendido no Hospital Estadual Azevedo Lima, o foragido foi encaminhado para a 77\u00aa DP (Icara\u00ed) e, posteriormente, levado ao pres\u00eddio. O menor apreendido ainda passa por atendimento na unidade m\u00e9dica.<\/p>\n\n\n\n<p>De acordo com a pol\u00edcia, ambos foram autuados em flagrante delito pelo crime de tr\u00e1fico il\u00edcito de drogas, permanecendo apreendido e preso, respectivamente.<\/p>\n\n\n\n<h2 class=\"wp-block-heading\">O confronto<\/h2>\n\n\n\n<p>Uma equipe do 12\u00ba BPM (Niter\u00f3i) informou que foi at\u00e9 a rua Dr. Rog\u00e9rio de Pires Melo, \u00e1rea de ocupa\u00e7\u00e3o permanente, para verificar instala\u00e7\u00e3o de barricadas e tr\u00e1fico de drogas, quando avistaram tr\u00eas homens em atitudes suspeitas, pouco depois das 15h desta ter\u00e7a-feira (10).<\/p>\n\n\n\n<p>Segundo a ocorr\u00eancia, durante a abordagem &#8220;Bebel do Sab\u00e3o&#8221; teria feito men\u00e7\u00e3o de atirar com a arma de fogo contra as equipes.<\/p>\n\n\n\n<p>A guarni\u00e7\u00e3o revidou e um dos acusados foi atingido com estilha\u00e7os de proj\u00e9til e o outro por um proj\u00e9til em uma de suas pernas, sendo que o terceiro veio a \u00f3bito no local.<\/p>\n\n\n\n<h2 class=\"wp-block-heading\">Apreens\u00f5es<\/h2>\n\n\n\n<p>A PM diz que apreendeu com o trio os seguintes materiais il\u00edcitos:<\/p>\n\n\n\n<p>&#8211; 1 pistola calibre 9mm com 16 muni\u00e7\u00f5es;<\/p>\n\n\n\n<p>&#8211; 559 trouxinhas de maconha (1Kg e 370 gramas);<\/p>\n\n\n\n<p>&#8211; 516 pedras de crack;<\/p>\n\n\n\n<p>&#8211; 369 pinos de coca\u00edna;<\/p>\n\n\n\n<p>&#8211; R$ 804 reais em esp\u00e9cie;<\/p>\n\n\n\n<p>&#8211; 2 r\u00e1dios transmissores.<\/p>\n\n\n\n<p><em>Fonte: enfoco<\/em><\/p>\n\n\n\n<figure class=\"wp-block-image size-full\"><img decoding=\"async\" width=\"251\" height=\"88\" src=\"https:\/\/sgvaimudar.com.br\/wp-content\/uploads\/2023\/08\/Logo.png\" alt=\"\" class=\"wp-image-2738\" \/><\/figure>\n","protected":false},"excerpt":{"rendered":"<p>Um dos envolvidos \u00e9 menor de idade, segundo PM Um homem, de 19 anos, acusado de trocar tiros com a&hellip;<\/p>\n","protected":false},"author":5,"featured_media":16980,"comment_status":"open","ping_status":"open","sticky":false,"template":"","format":"standard","meta":{"fifu_image_url":"","fifu_image_alt":"","footnotes":""},"categories":[32],"tags":[],"class_list":["post-16979","post","type-post","status-publish","format-standard","has-post-thumbnail","hentry","category-casos-de-policia"],"_links":{"self":[{"href":"https:\/\/sgvaimudar.com.br\/index.php\/wp-json\/wp\/v2\/posts\/16979","targetHints":{"allow":["GET"]}}],"collection":[{"href":"https:\/\/sgvaimudar.com.br\/index.php\/wp-json\/wp\/v2\/posts"}],"about":[{"href":"https:\/\/sgvaimudar.com.br\/index.php\/wp-json\/wp\/v2\/types\/post"}],"author":[{"embeddable":true,"href":"https:\/\/sgvaimudar.com.br\/index.php\/wp-json\/wp\/v2\/users\/5"}],"replies":[{"embeddable":true,"href":"https:\/\/sgvaimudar.com.br\/index.php\/wp-json\/wp\/v2\/comments?post=16979"}],"version-history":[{"count":1,"href":"https:\/\/sgvaimudar.com.br\/index.php\/wp-json\/wp\/v2\/posts\/16979\/revisions"}],"predecessor-version":[{"id":16981,"href":"https:\/\/sgvaimudar.com.br\/index.php\/wp-json\/wp\/v2\/posts\/16979\/revisions\/16981"}],"wp:featuredmedia":[{"embeddable":true,"href":"https:\/\/sgvaimudar.com.br\/index.php\/wp-json\/wp\/v2\/media\/16980"}],"wp:attachment":[{"href":"https:\/\/sgvaimudar.com.br\/index.php\/wp-json\/wp\/v2\/media?parent=16979"}],"wp:term":[{"taxonomy":"category","embeddable":true,"href":"https:\/\/sgvaimudar.com.br\/index.php\/wp-json\/wp\/v2\/categories?post=16979"},{"taxonomy":"post_tag","embeddable":true,"href":"https:\/\/sgvaimudar.com.br\/index.php\/wp-json\/wp\/v2\/tags?post=16979"}],"curies":[{"name":"wp","href":"https:\/\/api.w.org\/{rel}","templated":true}]}}