{"id":16941,"date":"2024-12-11T10:01:00","date_gmt":"2024-12-11T13:01:00","guid":{"rendered":"https:\/\/sgvaimudar.com.br\/?p=16941"},"modified":"2024-12-11T08:47:15","modified_gmt":"2024-12-11T11:47:15","slug":"abertura-do-natal-ita-luz-e-adiado-para-quinta-feira-12-12-em-itaborai","status":"publish","type":"post","link":"https:\/\/sgvaimudar.com.br\/index.php\/2024\/12\/11\/abertura-do-natal-ita-luz-e-adiado-para-quinta-feira-12-12-em-itaborai\/","title":{"rendered":"Abertura do Natal Ita Luz \u00e9 adiado para quinta-feira (12\/12) em Itabora\u00ed"},"content":{"rendered":"\n<p>A Prefeitura de Itabora\u00ed informa que, em raz\u00e3o da previs\u00e3o de fortes chuvas, o evento Natal Ita Luz 2024, anteriormente programado para iniciar nesta ter\u00e7a-feira (10\/12), foi adiado para quinta-feira (12\/12).<\/p>\n\n\n\n<figure class=\"wp-block-image size-large\"><img fetchpriority=\"high\" decoding=\"async\" width=\"819\" height=\"1024\" src=\"https:\/\/sgvaimudar.com.br\/wp-content\/uploads\/2024\/12\/Nota-oficial-abertura-do-Natal-Ita-Luz-e-adiado-para-quinta-feira-1212-819x1024.jpeg\" alt=\"\" class=\"wp-image-16942\" srcset=\"https:\/\/sgvaimudar.com.br\/wp-content\/uploads\/2024\/12\/Nota-oficial-abertura-do-Natal-Ita-Luz-e-adiado-para-quinta-feira-1212-819x1024.jpeg 819w, https:\/\/sgvaimudar.com.br\/wp-content\/uploads\/2024\/12\/Nota-oficial-abertura-do-Natal-Ita-Luz-e-adiado-para-quinta-feira-1212-240x300.jpeg 240w, https:\/\/sgvaimudar.com.br\/wp-content\/uploads\/2024\/12\/Nota-oficial-abertura-do-Natal-Ita-Luz-e-adiado-para-quinta-feira-1212-768x960.jpeg 768w, https:\/\/sgvaimudar.com.br\/wp-content\/uploads\/2024\/12\/Nota-oficial-abertura-do-Natal-Ita-Luz-e-adiado-para-quinta-feira-1212.jpeg 1080w\" sizes=\"(max-width: 819px) 100vw, 819px\" \/><\/figure>\n\n\n\n<p>Nesta nova data, a celebra\u00e7\u00e3o natalina organizada pela Secretaria Municipal de Turismo e Eventos, seguir\u00e1 a mesma programa\u00e7\u00e3o de abertura j\u00e1 divulgada.<\/p>\n\n\n\n<p><strong>Confira a programa\u00e7\u00e3o completa:<br><\/strong><br><strong>12\/12 (quinta-feira) \u2013 Abertura Oficial<br><\/strong>17h \u2013 Chegada do Papai Noel no Hotel Samba<br>18:30h \u2013 Desfile do Papai Noel pela Avenida 22 de Maio<br>19:30h \u2013 Contagem regressiva para o acendimento das luzes e show de fogos<br>19:30h \u2013 Chegada do Papai Noel e in\u00edcio das atividades na pra\u00e7a<br>20h \u2013 Apresenta\u00e7\u00e3o da Orquestra \u201cMerry Christmas\u201d<br>18h \u00e0s 22h \u2013 Espa\u00e7o Azul (suporte para crian\u00e7as com neurodiverg\u00eancias)<br>18h \u00e0s 23:30h \u2013 Brinquedos infl\u00e1veis gratuitos.<\/p>\n\n\n\n<p><strong><em><sup>S\u00e3o Gon\u00e7alo Vai Mudar. O Maior Portal da Cidade.<\/sup><\/em><\/strong><\/p>\n\n\n\n<figure class=\"wp-block-image size-large\"><img decoding=\"async\" width=\"1024\" height=\"321\" src=\"https:\/\/sgvaimudar.com.br\/wp-content\/uploads\/2023\/08\/Logo-Provisoria-2-1024x321.png\" alt=\"\" class=\"wp-image-2777\" srcset=\"https:\/\/sgvaimudar.com.br\/wp-content\/uploads\/2023\/08\/Logo-Provisoria-2-1024x321.png 1024w, https:\/\/sgvaimudar.com.br\/wp-content\/uploads\/2023\/08\/Logo-Provisoria-2-300x94.png 300w, https:\/\/sgvaimudar.com.br\/wp-content\/uploads\/2023\/08\/Logo-Provisoria-2-768x241.png 768w, https:\/\/sgvaimudar.com.br\/wp-content\/uploads\/2023\/08\/Logo-Provisoria-2-1536x482.png 1536w, https:\/\/sgvaimudar.com.br\/wp-content\/uploads\/2023\/08\/Logo-Provisoria-2-2048x642.png 2048w\" sizes=\"(max-width: 1024px) 100vw, 1024px\" \/><\/figure>\n","protected":false},"excerpt":{"rendered":"<p>A Prefeitura de Itabora\u00ed informa que, em raz\u00e3o da previs\u00e3o de fortes chuvas, o evento Natal Ita Luz 2024, anteriormente&hellip;<\/p>\n","protected":false},"author":5,"featured_media":16899,"comment_status":"open","ping_status":"open","sticky":false,"template":"","format":"standard","meta":{"fifu_image_url":"","fifu_image_alt":"","footnotes":""},"categories":[6],"tags":[],"class_list":["post-16941","post","type-post","status-publish","format-standard","has-post-thumbnail","hentry","category-entretenimento"],"_links":{"self":[{"href":"https:\/\/sgvaimudar.com.br\/index.php\/wp-json\/wp\/v2\/posts\/16941","targetHints":{"allow":["GET"]}}],"collection":[{"href":"https:\/\/sgvaimudar.com.br\/index.php\/wp-json\/wp\/v2\/posts"}],"about":[{"href":"https:\/\/sgvaimudar.com.br\/index.php\/wp-json\/wp\/v2\/types\/post"}],"author":[{"embeddable":true,"href":"https:\/\/sgvaimudar.com.br\/index.php\/wp-json\/wp\/v2\/users\/5"}],"replies":[{"embeddable":true,"href":"https:\/\/sgvaimudar.com.br\/index.php\/wp-json\/wp\/v2\/comments?post=16941"}],"version-history":[{"count":1,"href":"https:\/\/sgvaimudar.com.br\/index.php\/wp-json\/wp\/v2\/posts\/16941\/revisions"}],"predecessor-version":[{"id":16943,"href":"https:\/\/sgvaimudar.com.br\/index.php\/wp-json\/wp\/v2\/posts\/16941\/revisions\/16943"}],"wp:featuredmedia":[{"embeddable":true,"href":"https:\/\/sgvaimudar.com.br\/index.php\/wp-json\/wp\/v2\/media\/16899"}],"wp:attachment":[{"href":"https:\/\/sgvaimudar.com.br\/index.php\/wp-json\/wp\/v2\/media?parent=16941"}],"wp:term":[{"taxonomy":"category","embeddable":true,"href":"https:\/\/sgvaimudar.com.br\/index.php\/wp-json\/wp\/v2\/categories?post=16941"},{"taxonomy":"post_tag","embeddable":true,"href":"https:\/\/sgvaimudar.com.br\/index.php\/wp-json\/wp\/v2\/tags?post=16941"}],"curies":[{"name":"wp","href":"https:\/\/api.w.org\/{rel}","templated":true}]}}