{"id":16934,"date":"2024-12-11T09:10:00","date_gmt":"2024-12-11T12:10:00","guid":{"rendered":"https:\/\/sgvaimudar.com.br\/?p=16934"},"modified":"2024-12-11T09:06:09","modified_gmt":"2024-12-11T12:06:09","slug":"lidera-mulher-esta-com-inscricoes-abertas-para-primeira-turma-de-2025","status":"publish","type":"post","link":"https:\/\/sgvaimudar.com.br\/index.php\/2024\/12\/11\/lidera-mulher-esta-com-inscricoes-abertas-para-primeira-turma-de-2025\/","title":{"rendered":"Lidera Mulher est\u00e1 com inscri\u00e7\u00f5es abertas para primeira turma de 2025"},"content":{"rendered":"\n<p><em>Aulas para empreendedoras ter\u00e3o in\u00edcio no dia 16 de janeiro<\/em><\/p>\n\n\n\n<p>A Subsecretaria de Pol\u00edticas P\u00fablicas para as Mulheres da Prefeitura de S\u00e3o Gon\u00e7alo informou que est\u00e3o abertas as inscri\u00e7\u00f5es para a 13\u00aa turma do Lidera Mulher. Com aulas gratuitas, o projeto busca capacitar e qualificar as mulheres para pr\u00e1ticas empreendedoras, atrav\u00e9s de uma parceria com o Sebrae. <\/p>\n\n\n\n<figure class=\"wp-block-image size-large\"><img fetchpriority=\"high\" decoding=\"async\" width=\"1024\" height=\"1024\" src=\"https:\/\/sgvaimudar.com.br\/wp-content\/uploads\/2024\/12\/unnamed-12-2-1024x1024.jpg\" alt=\"\" class=\"wp-image-16935\" srcset=\"https:\/\/sgvaimudar.com.br\/wp-content\/uploads\/2024\/12\/unnamed-12-2-1024x1024.jpg 1024w, https:\/\/sgvaimudar.com.br\/wp-content\/uploads\/2024\/12\/unnamed-12-2-300x300.jpg 300w, https:\/\/sgvaimudar.com.br\/wp-content\/uploads\/2024\/12\/unnamed-12-2-150x150.jpg 150w, https:\/\/sgvaimudar.com.br\/wp-content\/uploads\/2024\/12\/unnamed-12-2-768x768.jpg 768w, https:\/\/sgvaimudar.com.br\/wp-content\/uploads\/2024\/12\/unnamed-12-2-1536x1536.jpg 1536w, https:\/\/sgvaimudar.com.br\/wp-content\/uploads\/2024\/12\/unnamed-12-2.jpg 1600w\" sizes=\"(max-width: 1024px) 100vw, 1024px\" \/><\/figure>\n\n\n\n<p>O Lidera Mulher oferece aulas te\u00f3ricas gratuitas sobre formaliza\u00e7\u00e3o, administra\u00e7\u00e3o, planejamento de neg\u00f3cios, t\u00e9cnicas de vendas e uso das m\u00eddias sociais.<\/p>\n\n\n\n<p>As inscri\u00e7\u00f5es para o Projeto Lidera Mulher devem ser realizadas atrav\u00e9s do e-mail&nbsp;<a href=\"mailto:inscricaolideramulher@gmail.com\" rel=\"noreferrer noopener\" target=\"_blank\">inscricaolideramulher@gmail.com<\/a>&nbsp;ou pelo telefone (21) 99986-3516, que pertence \u00e0 Subsecretaria, ou ainda nos espa\u00e7os f\u00edsicos do Lidera Mulher (3\u00ba piso do Partage Shopping) e na Feira da Mulher Empreendedora (Pra\u00e7a Dr. Luiz Palmier). As vagas s\u00e3o limitadas.<\/p>\n\n\n\n<p>As aulas ser\u00e3o ministradas \u00e0s quinta-feiras, das 13h \u00e0s 17h, no Espa\u00e7o Mais Conhecimento do Shopping Partage, a partir do dia 16 de janeiro.<\/p>\n\n\n\n<p>Com a finaliza\u00e7\u00e3o do curso, as mulheres ganham certificados e permanecem inseridas no projeto expondo seus produtos no Espa\u00e7o Lidera Mulher e na Feira da Mulher Empreendedora, dando, assim, visibilidade aos seus trabalhos.<\/p>\n\n\n\n<p>Ao todo, mais de 1300 mulheres foram capacitadas pelo Lidera Mulher desde a cria\u00e7\u00e3o do projeto. No final de novembro, cerca de 107 alunas da 12\u00aa turma do projeto conclu\u00edram o curso.<\/p>\n\n\n\n<p><strong><em><sup>S\u00e3o Gon\u00e7alo Vai Mudar. O Maior Portal da Cidade.<\/sup><\/em><\/strong><\/p>\n\n\n\n<figure class=\"wp-block-image size-full\"><img decoding=\"async\" width=\"317\" height=\"110\" src=\"https:\/\/sgvaimudar.com.br\/wp-content\/uploads\/2023\/08\/cropped-Logo-Provisoria-2-2.png\" alt=\"\" class=\"wp-image-2782\" srcset=\"https:\/\/sgvaimudar.com.br\/wp-content\/uploads\/2023\/08\/cropped-Logo-Provisoria-2-2.png 317w, https:\/\/sgvaimudar.com.br\/wp-content\/uploads\/2023\/08\/cropped-Logo-Provisoria-2-2-300x104.png 300w\" sizes=\"(max-width: 317px) 100vw, 317px\" \/><\/figure>\n","protected":false},"excerpt":{"rendered":"<p>Aulas para empreendedoras ter\u00e3o in\u00edcio no dia 16 de janeiro A Subsecretaria de Pol\u00edticas P\u00fablicas para as Mulheres da Prefeitura&hellip;<\/p>\n","protected":false},"author":5,"featured_media":16936,"comment_status":"open","ping_status":"open","sticky":false,"template":"","format":"standard","meta":{"fifu_image_url":"","fifu_image_alt":"","footnotes":""},"categories":[3],"tags":[],"class_list":["post-16934","post","type-post","status-publish","format-standard","has-post-thumbnail","hentry","category-sao-goncalo"],"_links":{"self":[{"href":"https:\/\/sgvaimudar.com.br\/index.php\/wp-json\/wp\/v2\/posts\/16934","targetHints":{"allow":["GET"]}}],"collection":[{"href":"https:\/\/sgvaimudar.com.br\/index.php\/wp-json\/wp\/v2\/posts"}],"about":[{"href":"https:\/\/sgvaimudar.com.br\/index.php\/wp-json\/wp\/v2\/types\/post"}],"author":[{"embeddable":true,"href":"https:\/\/sgvaimudar.com.br\/index.php\/wp-json\/wp\/v2\/users\/5"}],"replies":[{"embeddable":true,"href":"https:\/\/sgvaimudar.com.br\/index.php\/wp-json\/wp\/v2\/comments?post=16934"}],"version-history":[{"count":1,"href":"https:\/\/sgvaimudar.com.br\/index.php\/wp-json\/wp\/v2\/posts\/16934\/revisions"}],"predecessor-version":[{"id":16937,"href":"https:\/\/sgvaimudar.com.br\/index.php\/wp-json\/wp\/v2\/posts\/16934\/revisions\/16937"}],"wp:featuredmedia":[{"embeddable":true,"href":"https:\/\/sgvaimudar.com.br\/index.php\/wp-json\/wp\/v2\/media\/16936"}],"wp:attachment":[{"href":"https:\/\/sgvaimudar.com.br\/index.php\/wp-json\/wp\/v2\/media?parent=16934"}],"wp:term":[{"taxonomy":"category","embeddable":true,"href":"https:\/\/sgvaimudar.com.br\/index.php\/wp-json\/wp\/v2\/categories?post=16934"},{"taxonomy":"post_tag","embeddable":true,"href":"https:\/\/sgvaimudar.com.br\/index.php\/wp-json\/wp\/v2\/tags?post=16934"}],"curies":[{"name":"wp","href":"https:\/\/api.w.org\/{rel}","templated":true}]}}