{"id":16914,"date":"2024-12-10T21:00:00","date_gmt":"2024-12-11T00:00:00","guid":{"rendered":"https:\/\/sgvaimudar.com.br\/?p=16914"},"modified":"2024-12-10T11:31:32","modified_gmt":"2024-12-10T14:31:32","slug":"imprensa-internacional-repercute-cirurgia-do-presidente-lula","status":"publish","type":"post","link":"https:\/\/sgvaimudar.com.br\/index.php\/2024\/12\/10\/imprensa-internacional-repercute-cirurgia-do-presidente-lula\/","title":{"rendered":"Imprensa internacional repercute cirurgia do presidente Lula"},"content":{"rendered":"\n<p><em>Ve\u00edculos como New York Times e a BBC de Londres relembraram o acidente dom\u00e9stico sofrido pelo presidente em outubro\u00a0<\/em><\/p>\n\n\n\n<p>A interna\u00e7\u00e3o \u00e0s pressas do presidente Luiz In\u00e1cio Lula da Silva (PT) para realizar uma cirurgia na cabe\u00e7a, foi not\u00edcia em diversos ve\u00edculos internacionais. Ve\u00edculos destacaram a emerg\u00eancia com que o procedimento foi realizado e relembraram o acidente dom\u00e9stico sofrido pelo presidente em outubro, quando Lula bateu a cabe\u00e7a.<\/p>\n\n\n\n<p>O presidente fez uma opera\u00e7\u00e3o em S\u00e3o Paulo na noite de segunda-feira (9) ap\u00f3s sentir fortes dores de cabe\u00e7a. Ele segue est\u00e1vel e internado no Hospital S\u00edrio-Liban\u00eas.<\/p>\n\n\n\n<p>O americano The New York Times explicou que um sangramento na cabe\u00e7a foi o motivo da cirurgia. A BBC de Londres, uma das principais m\u00eddias da Europa, explicou que o presidente se recupera bem ap\u00f3s a cirurgia, citando a fala do m\u00e9dico. A Euronews destacou a passagem de Lula pela UTI ap\u00f3s a realiza\u00e7\u00e3o da cirurgia.<\/p>\n\n\n\n<p>O presidente Luiz In\u00e1cio Lula da Silva (PT) fez uma opera\u00e7\u00e3o em S\u00e3o Paulo na noite de segunda-feira (9) ap\u00f3s sentir fortes dores de cabe\u00e7a. Ele segue est\u00e1vel e internado no Hospital S\u00edrio-Liban\u00eas.<\/p>\n\n\n\n<p>Segundo o boletim m\u00e9dico, Lula deu entrada em Bras\u00edlia para um exame de imagem ap\u00f3s sentir o inc\u00f4modo. A resson\u00e2ncia ent\u00e3o indicou uma hemorragia intracraniana devido \u00e0 queda que ele sofreu em 19 de outubro.<\/p>\n\n\n\n<p>O presidente foi transferido para a unidade de S\u00e3o Paulo, onde foi submetido a uma craniotomia para drenagem de hematoma.<\/p>\n\n\n\n<p><em>Fonte: CNN<\/em><\/p>\n\n\n\n<figure class=\"wp-block-image size-large\"><img fetchpriority=\"high\" decoding=\"async\" width=\"1024\" height=\"321\" src=\"https:\/\/sgvaimudar.com.br\/wp-content\/uploads\/2023\/08\/cropped-Logo-Provisoria-2-1024x321.png\" alt=\"\" class=\"wp-image-2778\" srcset=\"https:\/\/sgvaimudar.com.br\/wp-content\/uploads\/2023\/08\/cropped-Logo-Provisoria-2-1024x321.png 1024w, https:\/\/sgvaimudar.com.br\/wp-content\/uploads\/2023\/08\/cropped-Logo-Provisoria-2-300x94.png 300w, https:\/\/sgvaimudar.com.br\/wp-content\/uploads\/2023\/08\/cropped-Logo-Provisoria-2-768x240.png 768w, https:\/\/sgvaimudar.com.br\/wp-content\/uploads\/2023\/08\/cropped-Logo-Provisoria-2-1536x481.png 1536w, https:\/\/sgvaimudar.com.br\/wp-content\/uploads\/2023\/08\/cropped-Logo-Provisoria-2-2048x641.png 2048w\" sizes=\"(max-width: 1024px) 100vw, 1024px\" \/><\/figure>\n","protected":false},"excerpt":{"rendered":"<p>Ve\u00edculos como New York Times e a BBC de Londres relembraram o acidente dom\u00e9stico sofrido pelo presidente em outubro\u00a0 A&hellip;<\/p>\n","protected":false},"author":5,"featured_media":16915,"comment_status":"open","ping_status":"open","sticky":false,"template":"","format":"standard","meta":{"fifu_image_url":"","fifu_image_alt":"","footnotes":""},"categories":[4,1],"tags":[],"class_list":["post-16914","post","type-post","status-publish","format-standard","has-post-thumbnail","hentry","category-brasil","category-mundo"],"_links":{"self":[{"href":"https:\/\/sgvaimudar.com.br\/index.php\/wp-json\/wp\/v2\/posts\/16914","targetHints":{"allow":["GET"]}}],"collection":[{"href":"https:\/\/sgvaimudar.com.br\/index.php\/wp-json\/wp\/v2\/posts"}],"about":[{"href":"https:\/\/sgvaimudar.com.br\/index.php\/wp-json\/wp\/v2\/types\/post"}],"author":[{"embeddable":true,"href":"https:\/\/sgvaimudar.com.br\/index.php\/wp-json\/wp\/v2\/users\/5"}],"replies":[{"embeddable":true,"href":"https:\/\/sgvaimudar.com.br\/index.php\/wp-json\/wp\/v2\/comments?post=16914"}],"version-history":[{"count":1,"href":"https:\/\/sgvaimudar.com.br\/index.php\/wp-json\/wp\/v2\/posts\/16914\/revisions"}],"predecessor-version":[{"id":16916,"href":"https:\/\/sgvaimudar.com.br\/index.php\/wp-json\/wp\/v2\/posts\/16914\/revisions\/16916"}],"wp:featuredmedia":[{"embeddable":true,"href":"https:\/\/sgvaimudar.com.br\/index.php\/wp-json\/wp\/v2\/media\/16915"}],"wp:attachment":[{"href":"https:\/\/sgvaimudar.com.br\/index.php\/wp-json\/wp\/v2\/media?parent=16914"}],"wp:term":[{"taxonomy":"category","embeddable":true,"href":"https:\/\/sgvaimudar.com.br\/index.php\/wp-json\/wp\/v2\/categories?post=16914"},{"taxonomy":"post_tag","embeddable":true,"href":"https:\/\/sgvaimudar.com.br\/index.php\/wp-json\/wp\/v2\/tags?post=16914"}],"curies":[{"name":"wp","href":"https:\/\/api.w.org\/{rel}","templated":true}]}}