{"id":16898,"date":"2024-12-10T14:00:00","date_gmt":"2024-12-10T17:00:00","guid":{"rendered":"https:\/\/sgvaimudar.com.br\/?p=16898"},"modified":"2024-12-10T10:46:43","modified_gmt":"2024-12-10T13:46:43","slug":"abertura-do-natal-ita-luz-2024-acontece-nesta-terca-10-em-itaborai","status":"publish","type":"post","link":"https:\/\/sgvaimudar.com.br\/index.php\/2024\/12\/10\/abertura-do-natal-ita-luz-2024-acontece-nesta-terca-10-em-itaborai\/","title":{"rendered":"Abertura do \u2018Natal Ita Luz 2024\u2019 acontece nesta ter\u00e7a (10) em Itabora\u00ed"},"content":{"rendered":"\n<p><em>A celebra\u00e7\u00e3o come\u00e7a oficialmente hoje (ter\u00e7a-feira, 10\/12), \u00e0s 19h30min, na Pra\u00e7a Marechal Floriano Peixoto, no Centro<\/em><\/p>\n\n\n\n<p>O m\u00eas de dezembro chegou e o Natal Ita Luz 2024 passa pelos preparativos finais para emocionar e encantar a popula\u00e7\u00e3o. A celebra\u00e7\u00e3o come\u00e7a oficialmente hoje (ter\u00e7a-feira, 10\/12), \u00e0s 19h30min, na Pra\u00e7a Marechal Floriano Peixoto, no Centro, com uma programa\u00e7\u00e3o especial organizada pela Prefeitura de Itabora\u00ed, por meio da Secretaria Municipal de Turismo e Eventos (Semtur).<\/p>\n\n\n\n<p>O prefeito de Itabora\u00ed, Marcelo Delaroli, refor\u00e7ou a import\u00e2ncia do evento para a cidade e suas fam\u00edlias.<\/p>\n\n\n\n<p>\u201cO Natal Ita Luz \u00e9 mais do que uma celebra\u00e7\u00e3o; \u00e9 um momento de uni\u00e3o, de renovar a esperan\u00e7a e compartilhar alegria com todos. Preparamos cada detalhe pensando em proporcionar mem\u00f3rias especiais para as fam\u00edlias de Itabora\u00ed e visitantes. Tenho certeza de que ser\u00e1 uma edi\u00e7\u00e3o marcante, cheia de surpresas e emo\u00e7\u00e3o\u201d, afirmou o prefeito.<\/p>\n\n\n\n<p>Na noite de abertura, um desfile emocionante marcar\u00e1 a chegada do Papai Noel, que percorrer\u00e1 a Avenida 22 de Maio em um comboio festivo com trio el\u00e9trico e trenzinho. <\/p>\n\n\n\n<p>Ao chegar \u00e0 Pra\u00e7a Marechal Floriano Peixoto, todos se unir\u00e3o para a contagem regressiva e o acendimento das luzes de Natal, seguido de um deslumbrante show de fogos. A noite continuar\u00e1 com a apresenta\u00e7\u00e3o da Orquestra \u201cMerry Christmas\u201d, a presen\u00e7a de personagens infantis para fotos, brinquedos infl\u00e1veis gratuitos e a inaugura\u00e7\u00e3o do Espa\u00e7o Azul, dedicado ao acolhimento de crian\u00e7as e adolescentes com neurodiverg\u00eancias.<\/p>\n\n\n\n<p>Segundo a Prefeitura, a magia do Natal Ita Luz n\u00e3o se limitar\u00e1 ao Centro. Outros bairros, como Itambi e Manilha, tamb\u00e9m receber\u00e3o a ilumina\u00e7\u00e3o especial e programa\u00e7\u00f5es locais.<\/p>\n\n\n\n<p>&#8220;Na sexta-feira (13\/12), as luzes se acendem em Itambi, e no s\u00e1bado (14\/12), ser\u00e1 a vez de Manilha. Ambas as inaugura\u00e7\u00f5es come\u00e7am \u00e0s 19h, levando alegria e encantamento a cada canto da cidade&#8221;, afirmou o Executivo na nota.\u00a0\u00a0<\/p>\n\n\n\n<p><strong>Confira a programa\u00e7\u00e3o completa de 10 a 15 de dezembro:<br><\/strong><br><strong>10\/12 (ter\u00e7a-feira) \u2013 Abertura Oficial<\/strong><\/p>\n\n\n\n<ul class=\"wp-block-list\">\n<li>17h \u2013 Chegada do Papai Noel no Hotel Samba<\/li>\n\n\n\n<li>18:30h \u2013 Desfile do Papai Noel pela Avenida 22 de Maio<\/li>\n\n\n\n<li>19:30h \u2013 Contagem regressiva para o acendimento das luzes e show de fogos<\/li>\n\n\n\n<li>19:30h \u2013 Chegada do Papai Noel e in\u00edcio das atividades na pra\u00e7a<\/li>\n\n\n\n<li>20h \u2013 Apresenta\u00e7\u00e3o da Orquestra \u201cMerry Christmas\u201d<\/li>\n\n\n\n<li>18h \u00e0s 22h \u2013 Espa\u00e7o Azul (suporte para crian\u00e7as com neurodiverg\u00eancias)<\/li>\n\n\n\n<li>18h \u00e0s 23:30h \u2013 Brinquedos infl\u00e1veis gratuitos<\/li>\n<\/ul>\n\n\n\n<p><strong>11\/12 (quarta-feira)<\/strong><\/p>\n\n\n\n<ul class=\"wp-block-list\">\n<li>18h \u2013 Abertura da casinha do Papai Noel e dos trenzinhos para o p\u00fablico<\/li>\n\n\n\n<li>18h \u00e0s 23:30h \u2013 Brinquedos infl\u00e1veis gratuitos<\/li>\n<\/ul>\n\n\n\n<p><strong>12\/12 (quinta-feira)<\/strong><\/p>\n\n\n\n<ul class=\"wp-block-list\">\n<li>18h \u2013 Abertura da casinha do Papai Noel e dos trenzinhos<\/li>\n\n\n\n<li>18h \u2013 Apresenta\u00e7\u00e3o das Bandas de Percuss\u00e3o das Escolas Municipais<\/li>\n\n\n\n<li>20h \u2013 Apresenta\u00e7\u00e3o do Projeto \u201cA magia do Natal\u201d<\/li>\n\n\n\n<li>20h \u2013 Personagens infantis para fotos com as crian\u00e7as<\/li>\n\n\n\n<li>18h \u00e0s 23:30h \u2013 Brinquedos infl\u00e1veis gratuitos<\/li>\n<\/ul>\n\n\n\n<p><strong>13\/12 (sexta-feira)<\/strong><\/p>\n\n\n\n<ul class=\"wp-block-list\">\n<li>19h \u2013 Abertura da casinha do Papai Noel e dos trenzinhos<\/li>\n\n\n\n<li>19h \u2013 Inaugura\u00e7\u00e3o e acendimento das luzes de Natal em Itambi<\/li>\n\n\n\n<li>20h \u2013 Personagens infantis para fotos com as crian\u00e7as<\/li>\n\n\n\n<li>18h \u00e0s 23:30h \u2013 Brinquedos infl\u00e1veis gratuitos<\/li>\n<\/ul>\n\n\n\n<p><strong>14\/12 (s\u00e1bado)<br><\/strong>17h \u2013 Papai Noel e trenzinho exclusivos para crian\u00e7as autistas<br>18h \u2013 Abertura da casinha do Papai Noel e dos trenzinhos<br>19h \u2013 Inaugura\u00e7\u00e3o e acendimento das luzes de Natal em Manilha<br>20h \u2013 Personagens infantis para fotos com as crian\u00e7as<br>18h \u00e0s 22h \u2013 Espa\u00e7o Azul (suporte para crian\u00e7as com neurodiverg\u00eancias)<br>18h \u00e0s 23:30h \u2013 Brinquedos infl\u00e1veis gratuitos<\/p>\n\n\n\n<p><strong>15\/12 (domingo)<\/strong><\/p>\n\n\n\n<ul class=\"wp-block-list\">\n<li>18h \u2013 Abertura da casinha do Papai Noel e dos trenzinhos<\/li>\n\n\n\n<li>20h \u2013 Auto de Natal: \u201cO nascimento do menino Jesus\u201d com Ansar<\/li>\n\n\n\n<li>18h \u00e0s 22h \u2013 Espa\u00e7o Azul<\/li>\n\n\n\n<li>18h \u00e0s 23:30h \u2013 Brinquedos infl\u00e1veis gratuitos.<\/li>\n<\/ul>\n\n\n\n<p><strong><em><sup>S\u00e3o Gon\u00e7alo Vai Mudar. O Maior Portal da Cidade.<\/sup><\/em><\/strong><\/p>\n\n\n\n<figure class=\"wp-block-image size-full\"><img decoding=\"async\" width=\"251\" height=\"88\" src=\"https:\/\/sgvaimudar.com.br\/wp-content\/uploads\/2023\/08\/Logo.png\" alt=\"\" class=\"wp-image-2738\" \/><\/figure>\n","protected":false},"excerpt":{"rendered":"<p>A celebra\u00e7\u00e3o come\u00e7a oficialmente hoje (ter\u00e7a-feira, 10\/12), \u00e0s 19h30min, na Pra\u00e7a Marechal Floriano Peixoto, no Centro O m\u00eas de dezembro&hellip;<\/p>\n","protected":false},"author":5,"featured_media":16899,"comment_status":"open","ping_status":"open","sticky":false,"template":"","format":"standard","meta":{"fifu_image_url":"","fifu_image_alt":"","footnotes":""},"categories":[6],"tags":[],"class_list":["post-16898","post","type-post","status-publish","format-standard","has-post-thumbnail","hentry","category-entretenimento"],"_links":{"self":[{"href":"https:\/\/sgvaimudar.com.br\/index.php\/wp-json\/wp\/v2\/posts\/16898","targetHints":{"allow":["GET"]}}],"collection":[{"href":"https:\/\/sgvaimudar.com.br\/index.php\/wp-json\/wp\/v2\/posts"}],"about":[{"href":"https:\/\/sgvaimudar.com.br\/index.php\/wp-json\/wp\/v2\/types\/post"}],"author":[{"embeddable":true,"href":"https:\/\/sgvaimudar.com.br\/index.php\/wp-json\/wp\/v2\/users\/5"}],"replies":[{"embeddable":true,"href":"https:\/\/sgvaimudar.com.br\/index.php\/wp-json\/wp\/v2\/comments?post=16898"}],"version-history":[{"count":1,"href":"https:\/\/sgvaimudar.com.br\/index.php\/wp-json\/wp\/v2\/posts\/16898\/revisions"}],"predecessor-version":[{"id":16900,"href":"https:\/\/sgvaimudar.com.br\/index.php\/wp-json\/wp\/v2\/posts\/16898\/revisions\/16900"}],"wp:featuredmedia":[{"embeddable":true,"href":"https:\/\/sgvaimudar.com.br\/index.php\/wp-json\/wp\/v2\/media\/16899"}],"wp:attachment":[{"href":"https:\/\/sgvaimudar.com.br\/index.php\/wp-json\/wp\/v2\/media?parent=16898"}],"wp:term":[{"taxonomy":"category","embeddable":true,"href":"https:\/\/sgvaimudar.com.br\/index.php\/wp-json\/wp\/v2\/categories?post=16898"},{"taxonomy":"post_tag","embeddable":true,"href":"https:\/\/sgvaimudar.com.br\/index.php\/wp-json\/wp\/v2\/tags?post=16898"}],"curies":[{"name":"wp","href":"https:\/\/api.w.org\/{rel}","templated":true}]}}