{"id":16871,"date":"2024-12-10T12:01:00","date_gmt":"2024-12-10T15:01:00","guid":{"rendered":"https:\/\/sgvaimudar.com.br\/?p=16871"},"modified":"2024-12-10T09:36:39","modified_gmt":"2024-12-10T12:36:39","slug":"alunos-de-sao-goncalo-participam-de-acoes-sobre-sustentabilidade","status":"publish","type":"post","link":"https:\/\/sgvaimudar.com.br\/index.php\/2024\/12\/10\/alunos-de-sao-goncalo-participam-de-acoes-sobre-sustentabilidade\/","title":{"rendered":"Alunos de S\u00e3o Gon\u00e7alo participam de a\u00e7\u00f5es sobre sustentabilidade"},"content":{"rendered":"\n<p><em>Pe\u00e7a infantil e palestra alertam para quest\u00f5es ambientais<\/em><\/p>\n\n\n\n<p>Os alunos da Escola Municipal Albertina Campos, no Mutu\u00e1, tiveram uma segunda-feira (9\/12) animada. Eles assistiram ao espet\u00e1culo \u201cManual para o bem futuro legal\u201d e \u00e0 palestra \u201cEnergia para Crescer &#8211; Uso Respons\u00e1vel do G\u00e1s\u201d, voltado para crian\u00e7as do 1\u00ba ao 5\u00ba anos, com o objetivo de refletir sobre as quest\u00f5es ambientais e estimular pr\u00e1ticas sustent\u00e1veis e circulares.<\/p>\n\n\n\n<figure class=\"wp-block-image size-large\"><img fetchpriority=\"high\" decoding=\"async\" width=\"1024\" height=\"684\" src=\"https:\/\/sgvaimudar.com.br\/wp-content\/uploads\/2024\/12\/unnamed-5-6-1024x684.jpg\" alt=\"\" class=\"wp-image-16872\" srcset=\"https:\/\/sgvaimudar.com.br\/wp-content\/uploads\/2024\/12\/unnamed-5-6-1024x684.jpg 1024w, https:\/\/sgvaimudar.com.br\/wp-content\/uploads\/2024\/12\/unnamed-5-6-300x200.jpg 300w, https:\/\/sgvaimudar.com.br\/wp-content\/uploads\/2024\/12\/unnamed-5-6-768x513.jpg 768w, https:\/\/sgvaimudar.com.br\/wp-content\/uploads\/2024\/12\/unnamed-5-6-1536x1027.jpg 1536w, https:\/\/sgvaimudar.com.br\/wp-content\/uploads\/2024\/12\/unnamed-5-6.jpg 1616w\" sizes=\"(max-width: 1024px) 100vw, 1024px\" \/><\/figure>\n\n\n\n<p>O Programa Educativo \u201cEnergia para Crescer\u201d, patrocinado pela Naturgy, empresa de g\u00e1s natural canalizado, acontece h\u00e1 14 anos e tem como meta trazer o assunto da sustentabilidade de forma l\u00fadica e leve para os alunos.<\/p>\n\n\n\n<p>\u201cO projeto j\u00e1 acontece h\u00e1 14 anos, sempre com uma pe\u00e7a diferente que traz a mesma tem\u00e1tica, que \u00e9 a quest\u00e3o ambiental. O assunto \u00e9 necess\u00e1rio por conta dos atuais problemas como desmatamento e as mudan\u00e7as clim\u00e1ticas. As crian\u00e7as s\u00e3o a gera\u00e7\u00e3o do futuro e \u00e9 importante que eles entendam que os atos delas podem provocar situa\u00e7\u00f5es dif\u00edceis l\u00e1 na frente, como jogar papel no ch\u00e3o na rua, ent\u00e3o elas precisam ter essa consci\u00eancia desde pequenas\u201d, afirmou a produtora, K\u00e1tia Camello.<\/p>\n\n\n\n<p>Ministrada por dois atores, a palestra, que acontece ap\u00f3s a pe\u00e7a, \u00e9 l\u00fadica e utiliza recursos c\u00eanicos para falar dos combust\u00edveis f\u00f3sseis e renov\u00e1veis, do desmatamento, da quest\u00e3o do lixo, do consumismo e da import\u00e2ncia das pr\u00e1ticas sustent\u00e1veis e circulares. Al\u00e9m disso, aborda tamb\u00e9m a distribui\u00e7\u00e3o e o uso seguro do g\u00e1s natural.<\/p>\n\n\n\n<p>\u201c\u00c9 uma maneira de levar a mensagem aos alunos de uma forma que eles fiquem mais atentos aos detalhes. O professor, atualmente, tem que se desdobrar para atrair a aten\u00e7\u00e3o do aluno e essa forma de passar o conte\u00fado \u00e9 mais leve. Eu garanto que eles est\u00e3o saindo daqui com o conte\u00fado na ponta da l\u00edngua, multiplicando o conhecimento para os familiares e amigos\u201d, disse a diretora, Mirtes Lessa.<\/p>\n\n\n\n<p><em>Fotos: Renan Otto<\/em><\/p>\n\n\n\n<p><strong><em><sup>S\u00e3o Gon\u00e7alo Vai Mudar. O Maior Portal da Cidade.<\/sup><\/em><\/strong><\/p>\n\n\n\n<figure class=\"wp-block-image size-full\"><img decoding=\"async\" width=\"251\" height=\"88\" src=\"https:\/\/sgvaimudar.com.br\/wp-content\/uploads\/2023\/08\/Logo.png\" alt=\"\" class=\"wp-image-2738\" \/><\/figure>\n","protected":false},"excerpt":{"rendered":"<p>Pe\u00e7a infantil e palestra alertam para quest\u00f5es ambientais Os alunos da Escola Municipal Albertina Campos, no Mutu\u00e1, tiveram uma segunda-feira&hellip;<\/p>\n","protected":false},"author":5,"featured_media":16873,"comment_status":"open","ping_status":"open","sticky":false,"template":"","format":"standard","meta":{"fifu_image_url":"","fifu_image_alt":"","footnotes":""},"categories":[6,3],"tags":[],"class_list":["post-16871","post","type-post","status-publish","format-standard","has-post-thumbnail","hentry","category-entretenimento","category-sao-goncalo"],"_links":{"self":[{"href":"https:\/\/sgvaimudar.com.br\/index.php\/wp-json\/wp\/v2\/posts\/16871","targetHints":{"allow":["GET"]}}],"collection":[{"href":"https:\/\/sgvaimudar.com.br\/index.php\/wp-json\/wp\/v2\/posts"}],"about":[{"href":"https:\/\/sgvaimudar.com.br\/index.php\/wp-json\/wp\/v2\/types\/post"}],"author":[{"embeddable":true,"href":"https:\/\/sgvaimudar.com.br\/index.php\/wp-json\/wp\/v2\/users\/5"}],"replies":[{"embeddable":true,"href":"https:\/\/sgvaimudar.com.br\/index.php\/wp-json\/wp\/v2\/comments?post=16871"}],"version-history":[{"count":2,"href":"https:\/\/sgvaimudar.com.br\/index.php\/wp-json\/wp\/v2\/posts\/16871\/revisions"}],"predecessor-version":[{"id":16876,"href":"https:\/\/sgvaimudar.com.br\/index.php\/wp-json\/wp\/v2\/posts\/16871\/revisions\/16876"}],"wp:featuredmedia":[{"embeddable":true,"href":"https:\/\/sgvaimudar.com.br\/index.php\/wp-json\/wp\/v2\/media\/16873"}],"wp:attachment":[{"href":"https:\/\/sgvaimudar.com.br\/index.php\/wp-json\/wp\/v2\/media?parent=16871"}],"wp:term":[{"taxonomy":"category","embeddable":true,"href":"https:\/\/sgvaimudar.com.br\/index.php\/wp-json\/wp\/v2\/categories?post=16871"},{"taxonomy":"post_tag","embeddable":true,"href":"https:\/\/sgvaimudar.com.br\/index.php\/wp-json\/wp\/v2\/tags?post=16871"}],"curies":[{"name":"wp","href":"https:\/\/api.w.org\/{rel}","templated":true}]}}