{"id":16867,"date":"2024-12-10T12:00:00","date_gmt":"2024-12-10T15:00:00","guid":{"rendered":"https:\/\/sgvaimudar.com.br\/?p=16867"},"modified":"2024-12-10T09:37:05","modified_gmt":"2024-12-10T12:37:05","slug":"operacao-torniquete-policia-civil-e-gaeco-realizam-acao-contra-roubos-de-cargas-na-baixada-fluminense","status":"publish","type":"post","link":"https:\/\/sgvaimudar.com.br\/index.php\/2024\/12\/10\/operacao-torniquete-policia-civil-e-gaeco-realizam-acao-contra-roubos-de-cargas-na-baixada-fluminense\/","title":{"rendered":"Opera\u00e7\u00e3o Torniquete: Pol\u00edcia Civil e Gaeco realizam a\u00e7\u00e3o contra roubos de cargas na Baixada Fluminense"},"content":{"rendered":"\n<p><em>A partir da investiga\u00e7\u00e3o, foi poss\u00edvel delimitar toda a estrutura hier\u00e1rquica do bando que est\u00e1 ligado a Luiz Fernando da Costa, o &#8220;Fernandinho Beira-Mar&#8221;<\/em><\/p>\n\n\n\n<p>Os policiais civis da 60\u00aa DP (Campos El\u00edseos) e agentes do Grupo de Atua\u00e7\u00e3o Especial de Combate ao Crime Organizado (Gaeco) do Minist\u00e9rio P\u00fablico, com apoio da Pol\u00edcia Militar, realizam, nesta ter\u00e7a-feira (10\/12), uma opera\u00e7\u00e3o contra uma quadrilha que atua em roubos de cargas na Baixada Fluminense. <\/p>\n\n\n\n<figure class=\"wp-block-video\"><video height=\"480\" style=\"aspect-ratio: 848 \/ 480;\" width=\"848\" controls src=\"https:\/\/sgvaimudar.com.br\/wp-content\/uploads\/2024\/12\/WhatsApp-Video-2024-12-10-at-07.45.20.mp4\"><\/video><\/figure>\n\n\n\n<p>As dilig\u00eancias t\u00eam o objetivo de cumprir mandados de busca e apreens\u00e3o contra investigados por praticar crimes que causaram preju\u00edzo estimado de cerca de R$ 4 milh\u00f5es.<\/p>\n\n\n\n<p>A a\u00e7\u00e3o faz parte da segunda fase da \u201cOpera\u00e7\u00e3o Torniquete\u201d, que tem como objetivo reprimir roubos, furtos e recepta\u00e7\u00e3o de cargas e de ve\u00edculos, delitos que financiam as atividades das fac\u00e7\u00f5es criminosas, suas disputas territoriais e ainda garantem pagamentos a familiares de faccionados, estejam eles detidos ou em liberdade. Desde setembro, j\u00e1 s\u00e3o mais de 240 presos, al\u00e9m de ve\u00edculos e cargas recuperados.<\/p>\n\n\n\n<p>As investiga\u00e7\u00f5es comprovaram que integrantes de uma organiza\u00e7\u00e3o criminosa, aliados a roubadores de carga com informa\u00e7\u00e3o privilegiada, foram respons\u00e1veis por cometer dezenas de roubos de carga em vias expressas. O grupo \u2014 oriundo das comunidades Cangulo, Rua Sete, Jardim Ana Clara e Parque das Miss\u00f5es \u2014 atua na Avenida Brasil, na Rodovia Washington Luis e na Rio-Mag\u00e9.<\/p>\n\n\n\n<p>A partir da investiga\u00e7\u00e3o, foi poss\u00edvel delimitar toda a estrutura hier\u00e1rquica do bando, que utiliza armamento e aparelho bloqueador de sinais fornecidos pela fac\u00e7\u00e3o. Em troca, 50% da renda auferida com os roubos eram repassadas \u00e0 organiza\u00e7\u00e3o criminosa.<\/p>\n\n\n\n<p>Dentre os alvos, est\u00e1 Luiz Fernando da Costa, o &#8220;Fernandinho Beira-Mar&#8221;. Um mandado de busca e apreens\u00e3o est\u00e1 sendo cumprido no Pres\u00eddio Federal de Catanduvas.<\/p>\n\n\n\n<p>Outras lideran\u00e7as do tr\u00e1fico local atuam no revezamento de apoio log\u00edstico, liberando o uso de espa\u00e7o dentro das comunidades que exploram para o transbordo das cargas.<\/p>\n\n\n\n<p><strong><em><sup>S\u00e3o Gon\u00e7alo Vai Mudar. O Maior Portal da Cidade.<\/sup><\/em><\/strong><\/p>\n\n\n\n<figure class=\"wp-block-image size-full\"><img decoding=\"async\" width=\"317\" height=\"110\" src=\"https:\/\/sgvaimudar.com.br\/wp-content\/uploads\/2023\/08\/cropped-Logo-Provisoria-2-2.png\" alt=\"\" class=\"wp-image-2782\" srcset=\"https:\/\/sgvaimudar.com.br\/wp-content\/uploads\/2023\/08\/cropped-Logo-Provisoria-2-2.png 317w, https:\/\/sgvaimudar.com.br\/wp-content\/uploads\/2023\/08\/cropped-Logo-Provisoria-2-2-300x104.png 300w\" sizes=\"(max-width: 317px) 100vw, 317px\" \/><\/figure>\n","protected":false},"excerpt":{"rendered":"<p>A partir da investiga\u00e7\u00e3o, foi poss\u00edvel delimitar toda a estrutura hier\u00e1rquica do bando que est\u00e1 ligado a Luiz Fernando da&hellip;<\/p>\n","protected":false},"author":5,"featured_media":16869,"comment_status":"open","ping_status":"open","sticky":false,"template":"","format":"standard","meta":{"fifu_image_url":"","fifu_image_alt":"","footnotes":""},"categories":[32],"tags":[],"class_list":["post-16867","post","type-post","status-publish","format-standard","has-post-thumbnail","hentry","category-casos-de-policia"],"_links":{"self":[{"href":"https:\/\/sgvaimudar.com.br\/index.php\/wp-json\/wp\/v2\/posts\/16867","targetHints":{"allow":["GET"]}}],"collection":[{"href":"https:\/\/sgvaimudar.com.br\/index.php\/wp-json\/wp\/v2\/posts"}],"about":[{"href":"https:\/\/sgvaimudar.com.br\/index.php\/wp-json\/wp\/v2\/types\/post"}],"author":[{"embeddable":true,"href":"https:\/\/sgvaimudar.com.br\/index.php\/wp-json\/wp\/v2\/users\/5"}],"replies":[{"embeddable":true,"href":"https:\/\/sgvaimudar.com.br\/index.php\/wp-json\/wp\/v2\/comments?post=16867"}],"version-history":[{"count":1,"href":"https:\/\/sgvaimudar.com.br\/index.php\/wp-json\/wp\/v2\/posts\/16867\/revisions"}],"predecessor-version":[{"id":16870,"href":"https:\/\/sgvaimudar.com.br\/index.php\/wp-json\/wp\/v2\/posts\/16867\/revisions\/16870"}],"wp:featuredmedia":[{"embeddable":true,"href":"https:\/\/sgvaimudar.com.br\/index.php\/wp-json\/wp\/v2\/media\/16869"}],"wp:attachment":[{"href":"https:\/\/sgvaimudar.com.br\/index.php\/wp-json\/wp\/v2\/media?parent=16867"}],"wp:term":[{"taxonomy":"category","embeddable":true,"href":"https:\/\/sgvaimudar.com.br\/index.php\/wp-json\/wp\/v2\/categories?post=16867"},{"taxonomy":"post_tag","embeddable":true,"href":"https:\/\/sgvaimudar.com.br\/index.php\/wp-json\/wp\/v2\/tags?post=16867"}],"curies":[{"name":"wp","href":"https:\/\/api.w.org\/{rel}","templated":true}]}}