{"id":16849,"date":"2024-12-09T19:00:00","date_gmt":"2024-12-09T22:00:00","guid":{"rendered":"https:\/\/sgvaimudar.com.br\/?p=16849"},"modified":"2024-12-09T10:59:39","modified_gmt":"2024-12-09T13:59:39","slug":"justica-determina-indenizacao-a-familia-de-gestante-e-bebe-mortos-apos-vacina-contra-covid","status":"publish","type":"post","link":"https:\/\/sgvaimudar.com.br\/index.php\/2024\/12\/09\/justica-determina-indenizacao-a-familia-de-gestante-e-bebe-mortos-apos-vacina-contra-covid\/","title":{"rendered":"Justi\u00e7a determina indeniza\u00e7\u00e3o \u00e0 fam\u00edlia de gestante e beb\u00ea mortos ap\u00f3s vacina contra Covid"},"content":{"rendered":"\n<p>A empresa farmac\u00eautica AstraZeneca ter\u00e1 que indenizar a fam\u00edlia de uma gestante que perdeu o beb\u00ea e morreu ap\u00f3s tomar a vacina contra Covid em R$ 1,1 milh\u00e3o. O valor deve ser dividido entre a m\u00e3e, o pai e o irm\u00e3o da v\u00edtima.\u00a0A decis\u00e3o \u00e9 da 48\u00aa Vara C\u00edvel do Tribunal de Justi\u00e7a do Rio de Janeiro. Em trecho da decis\u00e3o assinada na \u00faltima quinta-feira (5), o juiz Mauro Nicolau Junior\u00a0ressalta que a mulher foi a primeira gr\u00e1vida brasileira a morrer por causa do imunizante.\u00a0<\/p>\n\n\n\n<p>Ap\u00f3s o ocorrido, o governo brasileiro suspendeu a sua aplica\u00e7\u00e3o da vacina em gr\u00e1vidas, e o laborat\u00f3rio teria admitido que n\u00e3o havia testado o imunizante em gestantes. \u201cHouve verifica\u00e7\u00e3o do defeito dois meses antes da aplica\u00e7\u00e3o da v\u00edtima em apre\u00e7o e, ainda assim, ciente do ocorrido, a r\u00e9 optou por manter o imunizante no mercado, de modo a gerar o dever de indenizar, pautado na responsabilidade civil objetiva, e, ressaltando, ainda, o n\u00e3o cumprimento do dever de informa\u00e7\u00e3o qualificada\u201d, destacou o juiz Mauro Nicolau Junior na senten\u00e7a.<\/p>\n\n\n\n<p>A gestante era Thais Possati que tinha 35 anos, e era promotora de Justi\u00e7a do Minist\u00e9rio P\u00fablico estadual. De acordo com informa\u00e7\u00f5es divulgadas pelo Tribunal, quando tomou a vacina, em 23 de abril de 2021, ela estava com 23 semanas de gesta\u00e7\u00e3o. J\u00e1 no dia seguinte, ela desencadeou uma s\u00e9rie de complica\u00e7\u00f5es que evolu\u00edram para um quadro de AVC hemorr\u00e1gico associado a trombose de seio venoso. Thais faleceu no dia 10 de maio.\u00a0<\/p>\n\n\n\n<p>O Tribunal aponta que, de acordo com relat\u00f3rio m\u00e9dico inclu\u00eddo no processo, \u201cThais e o beb\u00ea passaram por elevado sofrimento\u201d. O relat\u00f3rio tamb\u00e9m confirmou que os problemas que ocasionaram a morte de Thais estavam relacionados \u00e0 vacina contra Covid. \u201cA rela\u00e7\u00e3o entre a administra\u00e7\u00e3o do imunizante e as condi\u00e7\u00f5es m\u00e9dicas que levaram \u00e0 morte da paciente e do feto tamb\u00e9m foi confirmada pelo perito\u201d, afirma o documento.\u00a0<\/p>\n\n\n\n<p>A empresa AstraZeneca n\u00e3o se referiu ao caso especificamente. &#8220;A seguran\u00e7a do paciente \u00e9, e sempre ser\u00e1, a nossa maior prioridade&#8221;, diz trecho da nota enviada \u00e0 imprensa. A empresa, no entanto, n\u00e3o respondeu se entrar\u00e1 com recurso contra a decis\u00e3o.<\/p>\n\n\n\n<p><strong><em><sup>S\u00e3o Gon\u00e7alo Vai Mudar. O Maior Portal da Cidade.<\/sup><\/em><\/strong><\/p>\n\n\n\n<figure class=\"wp-block-image size-full\"><img decoding=\"async\" width=\"250\" height=\"87\" src=\"https:\/\/sgvaimudar.com.br\/wp-content\/uploads\/2023\/08\/cropped-Logo.png\" alt=\"\" class=\"wp-image-2739\" \/><\/figure>\n\n\n\n<p><br><\/p>\n","protected":false},"excerpt":{"rendered":"<p>A empresa farmac\u00eautica AstraZeneca ter\u00e1 que indenizar a fam\u00edlia de uma gestante que perdeu o beb\u00ea e morreu ap\u00f3s tomar&hellip;<\/p>\n","protected":false},"author":5,"featured_media":16850,"comment_status":"open","ping_status":"open","sticky":false,"template":"","format":"standard","meta":{"fifu_image_url":"","fifu_image_alt":"","footnotes":""},"categories":[4,1,7],"tags":[],"class_list":["post-16849","post","type-post","status-publish","format-standard","has-post-thumbnail","hentry","category-brasil","category-mundo","category-saude"],"_links":{"self":[{"href":"https:\/\/sgvaimudar.com.br\/index.php\/wp-json\/wp\/v2\/posts\/16849","targetHints":{"allow":["GET"]}}],"collection":[{"href":"https:\/\/sgvaimudar.com.br\/index.php\/wp-json\/wp\/v2\/posts"}],"about":[{"href":"https:\/\/sgvaimudar.com.br\/index.php\/wp-json\/wp\/v2\/types\/post"}],"author":[{"embeddable":true,"href":"https:\/\/sgvaimudar.com.br\/index.php\/wp-json\/wp\/v2\/users\/5"}],"replies":[{"embeddable":true,"href":"https:\/\/sgvaimudar.com.br\/index.php\/wp-json\/wp\/v2\/comments?post=16849"}],"version-history":[{"count":1,"href":"https:\/\/sgvaimudar.com.br\/index.php\/wp-json\/wp\/v2\/posts\/16849\/revisions"}],"predecessor-version":[{"id":16851,"href":"https:\/\/sgvaimudar.com.br\/index.php\/wp-json\/wp\/v2\/posts\/16849\/revisions\/16851"}],"wp:featuredmedia":[{"embeddable":true,"href":"https:\/\/sgvaimudar.com.br\/index.php\/wp-json\/wp\/v2\/media\/16850"}],"wp:attachment":[{"href":"https:\/\/sgvaimudar.com.br\/index.php\/wp-json\/wp\/v2\/media?parent=16849"}],"wp:term":[{"taxonomy":"category","embeddable":true,"href":"https:\/\/sgvaimudar.com.br\/index.php\/wp-json\/wp\/v2\/categories?post=16849"},{"taxonomy":"post_tag","embeddable":true,"href":"https:\/\/sgvaimudar.com.br\/index.php\/wp-json\/wp\/v2\/tags?post=16849"}],"curies":[{"name":"wp","href":"https:\/\/api.w.org\/{rel}","templated":true}]}}