{"id":16829,"date":"2024-12-09T11:00:00","date_gmt":"2024-12-09T14:00:00","guid":{"rendered":"https:\/\/sgvaimudar.com.br\/?p=16829"},"modified":"2024-12-09T09:59:48","modified_gmt":"2024-12-09T12:59:48","slug":"fernando-diniz-e-esculachado-pela-diretoria-do-cruzeiro-soube-da-demissao-pela-imprensa","status":"publish","type":"post","link":"https:\/\/sgvaimudar.com.br\/index.php\/2024\/12\/09\/fernando-diniz-e-esculachado-pela-diretoria-do-cruzeiro-soube-da-demissao-pela-imprensa\/","title":{"rendered":"Fernando Diniz \u00e9 esculachado pela diretoria do Cruzeiro: &#8216;Soube da demiss\u00e3o pela imprensa&#8217;"},"content":{"rendered":"\n<p><em>Treinador n\u00e3o foi comunicado oficialmente sobre sua sa\u00edda do clube, se sentindo desrespeitado<\/em><\/p>\n\n\n\n<p>O fim da entrevista coletiva de Fernando Diniz, ap\u00f3s a\u00a0vit\u00f3ria sobre o Juventude, neste domingo (8\/12), foi de revolta. Sem saber, oficialmente, que esse seria o seu \u00faltimo jogo no comando do time, ele criticou a diretoria do Cruzeiro, por saber de sua demiss\u00e3o pela imprensa.<\/p>\n\n\n\n<p>&#8220;Me sinto extremamente desrespeitado, pois estou sabendo disso pela imprensa. Mattos (Alexandre, CEO) me chamou e falou que tudo pode acontecer, mas muito vago. Isso \u00e9 um desrespeito muito grande, porque eu tive in\u00fameras propostas de trabalho&#8221;, disse.<\/p>\n\n\n\n<p>Desde o fim da semana passada,\u00a0se cogitava nos bastidores a perman\u00eancia de Diniz no cargo, independentemente do resultado conquistado em Caxias do Sul e uma poss\u00edvel classifica\u00e7\u00e3o \u00e0 Copa Libertadores. Avalia\u00e7\u00e3o da SAF foi que trabalho n\u00e3o encaixou, o que ficou evidenciado pelos resultados.<\/p>\n\n\n\n<p>&#8220;N\u00e3o teve clareza das coisas. At\u00e9 agora ningu\u00e9m me falou que eu seria demitido. Se isso se confirmar, foi de uma maneira esp\u00faria. Eu custo a acreditar que isso seja verdade&#8221;, completou o mineiro de 50 anos.<\/p>\n\n\n\n<p>Fernando Diniz tem contrato com a Raposa at\u00e9 dezembro de 2025, e ele espera cumprir o acordo. &#8220;Eu sou homem para vir aqui e terminar, porque eu nunca deixei um trabalho na minha vida. Eu sei do que eu fa\u00e7o e das condi\u00e7\u00f5es que eu tenho. Vim para a institui\u00e7\u00e3o que eu queria vir. Teve uma conversa de &#8216;muro'&#8221;, explicou.<\/p>\n\n\n\n<p>Ele tamb\u00e9m criticou a cultura do futebol brasileiro em &#8216;moer&#8217; treinadores, o que a imprensa tamb\u00e9m teria culpa. &#8220;Aqui, a imprensa sabe do que acontece dentro. Eu luto minha vida contra isso, n\u00e3o vivo por placar de partida. Eu sou muito mais que um campe\u00e3o da Libertadores&#8221;, desabafou.<\/p>\n\n\n\n<p>Fernando Diniz chegou \u00e0 Toca da Raposa em setembro de 2024, ap\u00f3s a demiss\u00e3o do t\u00e9cnico Fernando Seabra. No comando da equipe celeste, foram 15 jogos, com seis derrotas, seis empates e apenas tr\u00eas vit\u00f3rias. Profissional de 50 anos deixa o clube mineiro com aproveitamento de aproximadamente 26%.<\/p>\n\n\n\n<p><strong>Brasileir\u00e3o<\/strong><\/p>\n\n\n\n<p>O Cruzeiro ocupava a 7\u00aa posi\u00e7\u00e3o do Campeonato Brasileiro, com 42 pontos, quando Fernando Diniz assumiu o comando da equipe. Naquela ocasi\u00e3o, o clube tamb\u00e9m estava fora da zona de classifica\u00e7\u00e3o para a Copa Libertadores. Sem a defini\u00e7\u00e3o dos vencedores da Copa do Brasil e da Libertadores, apenas os seis primeiros colocados iriam garantir uma vaga na competi\u00e7\u00e3o continental do pr\u00f3ximo ano.<\/p>\n\n\n\n<p>Agora, ele deixa a equipe em 9\u00ba lugar, com 52 pontos, fora da zona de classifica\u00e7\u00e3o para a Libertadores. Pelo segundo ano consecutivo, o clube se contenta com a disputa da Sul-Americana.<\/p>\n\n\n\n<p><strong>Copa Sul-Americana<\/strong><\/p>\n\n\n\n<p>Com o Cruzeiro, Fernando Diniz foi vice-campe\u00e3o da Copa Sul-Americana. Ele assumiu o time na volta das quartas de final, quando a Raposa empatou por 1 a 1 com Libertad, do Paraguai, no Mineir\u00e3o. Como havia vencido o primeiro jogo por 2 a 0, o elenco estrelado avan\u00e7ou na competi\u00e7\u00e3o.<\/p>\n\n\n\n<p>Nas semifinais, o Cruzeiro empatou no jogo de ida com o Lan\u00fas, da Argentina, por 1 a 1, no Mineir\u00e3o. No confronto da volta, a Raposa venceu por 1 a 0, garantindo vaga na final. O duelo decisivo, em jogo \u00fanico, disputado em Assun\u00e7\u00e3o, no Paraguai, teve a vit\u00f3ria do Racing, da Argentina, por 3 a 1.<\/p>\n\n\n\n<p><strong><em><sup>S\u00e3o Gon\u00e7alo Vai Mudar. O Maior Portal da Cidade.<\/sup><\/em><\/strong><\/p>\n\n\n\n<figure class=\"wp-block-image size-full\"><img decoding=\"async\" width=\"251\" height=\"88\" src=\"https:\/\/sgvaimudar.com.br\/wp-content\/uploads\/2023\/08\/Logo.png\" alt=\"\" class=\"wp-image-2738\" \/><\/figure>\n","protected":false},"excerpt":{"rendered":"<p>Treinador n\u00e3o foi comunicado oficialmente sobre sua sa\u00edda do clube, se sentindo desrespeitado O fim da entrevista coletiva de Fernando&hellip;<\/p>\n","protected":false},"author":5,"featured_media":16830,"comment_status":"open","ping_status":"open","sticky":false,"template":"","format":"standard","meta":{"fifu_image_url":"","fifu_image_alt":"","footnotes":""},"categories":[5],"tags":[],"class_list":["post-16829","post","type-post","status-publish","format-standard","has-post-thumbnail","hentry","category-esportes"],"_links":{"self":[{"href":"https:\/\/sgvaimudar.com.br\/index.php\/wp-json\/wp\/v2\/posts\/16829","targetHints":{"allow":["GET"]}}],"collection":[{"href":"https:\/\/sgvaimudar.com.br\/index.php\/wp-json\/wp\/v2\/posts"}],"about":[{"href":"https:\/\/sgvaimudar.com.br\/index.php\/wp-json\/wp\/v2\/types\/post"}],"author":[{"embeddable":true,"href":"https:\/\/sgvaimudar.com.br\/index.php\/wp-json\/wp\/v2\/users\/5"}],"replies":[{"embeddable":true,"href":"https:\/\/sgvaimudar.com.br\/index.php\/wp-json\/wp\/v2\/comments?post=16829"}],"version-history":[{"count":1,"href":"https:\/\/sgvaimudar.com.br\/index.php\/wp-json\/wp\/v2\/posts\/16829\/revisions"}],"predecessor-version":[{"id":16831,"href":"https:\/\/sgvaimudar.com.br\/index.php\/wp-json\/wp\/v2\/posts\/16829\/revisions\/16831"}],"wp:featuredmedia":[{"embeddable":true,"href":"https:\/\/sgvaimudar.com.br\/index.php\/wp-json\/wp\/v2\/media\/16830"}],"wp:attachment":[{"href":"https:\/\/sgvaimudar.com.br\/index.php\/wp-json\/wp\/v2\/media?parent=16829"}],"wp:term":[{"taxonomy":"category","embeddable":true,"href":"https:\/\/sgvaimudar.com.br\/index.php\/wp-json\/wp\/v2\/categories?post=16829"},{"taxonomy":"post_tag","embeddable":true,"href":"https:\/\/sgvaimudar.com.br\/index.php\/wp-json\/wp\/v2\/tags?post=16829"}],"curies":[{"name":"wp","href":"https:\/\/api.w.org\/{rel}","templated":true}]}}