{"id":16826,"date":"2024-12-09T09:46:36","date_gmt":"2024-12-09T12:46:36","guid":{"rendered":"https:\/\/sgvaimudar.com.br\/?p=16826"},"modified":"2024-12-09T09:46:36","modified_gmt":"2024-12-09T12:46:36","slug":"rio-e-niteroi-anunciam-compromisso-com-a-linha-3-do-metro-caso-as-duas-cidades-sejam-escolhidas-para-sediar-os-jogos-pan-americanos","status":"publish","type":"post","link":"https:\/\/sgvaimudar.com.br\/index.php\/2024\/12\/09\/rio-e-niteroi-anunciam-compromisso-com-a-linha-3-do-metro-caso-as-duas-cidades-sejam-escolhidas-para-sediar-os-jogos-pan-americanos\/","title":{"rendered":"Rio e Niter\u00f3i anunciam compromisso com a Linha 3 do Metr\u00f4, caso as duas cidades sejam escolhidas para sediar os jogos Pan-Americanos"},"content":{"rendered":"\n<p><em>Licita\u00e7\u00e3o, em julho deste ano, foi anulada pelo Tribunal de Contas do Estado (TCE) por suspeita de irregularidades<\/em><\/p>\n\n\n\n<p>Os prefeitos do Rio de Janeiro, Eduardo Paes, e Niter\u00f3i, Rodrigo Neves, comprometeram-se a viabilizar a implanta\u00e7\u00e3o da\u00a0Linha 3 do Metr\u00f4, que conectaria S\u00e3o Gon\u00e7alo\u00a0e\u00a0Niter\u00f3i\u00a0ao\u00a0Rio, caso as duas cidades sejam escolhidas para sediar os Jogos Pan-Americanos de 2031. A candidatura concorre com S\u00e3o Paulo e Assun\u00e7\u00e3o, no Paraguai.<\/p>\n\n\n\n<p>Durante o evento de oficializa\u00e7\u00e3o da candidatura no Parque Aqu\u00e1tico Maria Lenk, na Barra da Tijuca, Rodrigo Neves destacou a relev\u00e2ncia do projeto,\u00a0\u201cEsse \u00e9 um evento que vai integrar a Regi\u00e3o Metropolitana. Na Olimp\u00edada tivemos a Linha 4 do Metr\u00f4, integrando Barra e Zona Sul. Sabemos da import\u00e2ncia da Linha 3 para essa integra\u00e7\u00e3o\u201d, disse o petista.<\/p>\n\n\n\n<p>A Linha 3, responsabilidade do governo estadual, \u00e9 discutida desde 1968 e inclui a constru\u00e7\u00e3o de um t\u00fanel submerso sob a Ba\u00eda de Guanabara. Em 2015, o projeto foi or\u00e7ado em US$ 2,57 bilh\u00f5es.\u00a0Eduardo Paes\u00a0refor\u00e7ou a urg\u00eancia do projeto,\u00a0\u201c\u00c9 uma vergonha n\u00e3o termos um t\u00fanel de tr\u00eas quil\u00f4metros sob a Ba\u00eda de Guanabara, quando conseguimos construir nove quil\u00f4metros no Porto Maravilha\u201d, concluiu Paes.<\/p>\n\n\n\n<p><strong>LICITA\u00c7\u00c3O ANULADA <\/strong>&#8211; A licita\u00e7\u00e3o do estudo para implanta\u00e7\u00e3o da Linha 3 do metr\u00f4 \u2014 que planeja ligar a cidade do\u00a0Rio de Janeiro a S\u00e3o Gon\u00e7alo, passando por Niter\u00f3i \u2014 e a expans\u00e3o da Linha 4, em que se estenderia at\u00e9 o Recreio dos Bandeirantes, Zona Oeste da capital, foi anulada em julho deste ano por ordem do Tribunal de Contas do Estado (TCE) por suspeita de irregularidades. <\/p>\n\n\n\n<p><em>Fonte: cidadedeniter\u00f3i.com<\/em><\/p>\n\n\n\n<figure class=\"wp-block-image size-large\"><img fetchpriority=\"high\" decoding=\"async\" width=\"1024\" height=\"321\" src=\"https:\/\/sgvaimudar.com.br\/wp-content\/uploads\/2023\/08\/cropped-Logo-Provisoria-2-1024x321.png\" alt=\"\" class=\"wp-image-2778\" srcset=\"https:\/\/sgvaimudar.com.br\/wp-content\/uploads\/2023\/08\/cropped-Logo-Provisoria-2-1024x321.png 1024w, https:\/\/sgvaimudar.com.br\/wp-content\/uploads\/2023\/08\/cropped-Logo-Provisoria-2-300x94.png 300w, https:\/\/sgvaimudar.com.br\/wp-content\/uploads\/2023\/08\/cropped-Logo-Provisoria-2-768x240.png 768w, https:\/\/sgvaimudar.com.br\/wp-content\/uploads\/2023\/08\/cropped-Logo-Provisoria-2-1536x481.png 1536w, https:\/\/sgvaimudar.com.br\/wp-content\/uploads\/2023\/08\/cropped-Logo-Provisoria-2-2048x641.png 2048w\" sizes=\"(max-width: 1024px) 100vw, 1024px\" \/><\/figure>\n","protected":false},"excerpt":{"rendered":"<p>Licita\u00e7\u00e3o, em julho deste ano, foi anulada pelo Tribunal de Contas do Estado (TCE) por suspeita de irregularidades Os prefeitos&hellip;<\/p>\n","protected":false},"author":5,"featured_media":16827,"comment_status":"open","ping_status":"open","sticky":false,"template":"","format":"standard","meta":{"fifu_image_url":"","fifu_image_alt":"","footnotes":""},"categories":[34,3],"tags":[],"class_list":["post-16826","post","type-post","status-publish","format-standard","has-post-thumbnail","hentry","category-niteroi","category-sao-goncalo"],"_links":{"self":[{"href":"https:\/\/sgvaimudar.com.br\/index.php\/wp-json\/wp\/v2\/posts\/16826","targetHints":{"allow":["GET"]}}],"collection":[{"href":"https:\/\/sgvaimudar.com.br\/index.php\/wp-json\/wp\/v2\/posts"}],"about":[{"href":"https:\/\/sgvaimudar.com.br\/index.php\/wp-json\/wp\/v2\/types\/post"}],"author":[{"embeddable":true,"href":"https:\/\/sgvaimudar.com.br\/index.php\/wp-json\/wp\/v2\/users\/5"}],"replies":[{"embeddable":true,"href":"https:\/\/sgvaimudar.com.br\/index.php\/wp-json\/wp\/v2\/comments?post=16826"}],"version-history":[{"count":1,"href":"https:\/\/sgvaimudar.com.br\/index.php\/wp-json\/wp\/v2\/posts\/16826\/revisions"}],"predecessor-version":[{"id":16828,"href":"https:\/\/sgvaimudar.com.br\/index.php\/wp-json\/wp\/v2\/posts\/16826\/revisions\/16828"}],"wp:featuredmedia":[{"embeddable":true,"href":"https:\/\/sgvaimudar.com.br\/index.php\/wp-json\/wp\/v2\/media\/16827"}],"wp:attachment":[{"href":"https:\/\/sgvaimudar.com.br\/index.php\/wp-json\/wp\/v2\/media?parent=16826"}],"wp:term":[{"taxonomy":"category","embeddable":true,"href":"https:\/\/sgvaimudar.com.br\/index.php\/wp-json\/wp\/v2\/categories?post=16826"},{"taxonomy":"post_tag","embeddable":true,"href":"https:\/\/sgvaimudar.com.br\/index.php\/wp-json\/wp\/v2\/tags?post=16826"}],"curies":[{"name":"wp","href":"https:\/\/api.w.org\/{rel}","templated":true}]}}