{"id":16751,"date":"2024-12-08T09:01:00","date_gmt":"2024-12-08T12:01:00","guid":{"rendered":"https:\/\/sgvaimudar.com.br\/?p=16751"},"modified":"2024-12-08T05:57:54","modified_gmt":"2024-12-08T08:57:54","slug":"e-hoje-transito-tera-interdicoes-na-parada-lgbti","status":"publish","type":"post","link":"https:\/\/sgvaimudar.com.br\/index.php\/2024\/12\/08\/e-hoje-transito-tera-interdicoes-na-parada-lgbti\/","title":{"rendered":"\u00c9 hoje! Tr\u00e2nsito ter\u00e1 interdi\u00e7\u00f5es na Parada LGBTI+"},"content":{"rendered":"\n<p><em>Evento acontecer\u00e1 neste domingo e interdi\u00e7\u00f5es v\u00e3o das 10h \u00e0s 22h<\/em><\/p>\n\n\n\n<p>Moradores e motoristas que trafegam pelo Centro de S\u00e3o Gon\u00e7alo devem ficar atentos \u00e0s mudan\u00e7as no tr\u00e2nsito que acontecer\u00e3o durante a realiza\u00e7\u00e3o da Parada LGBTI+, neste domingo (8\/12). As mudan\u00e7as no tr\u00e2nsito ter\u00e3o in\u00edcio \u00e0s 10h e seguem at\u00e9 \u00e0s 22h. O evento \u00e9 realizado pelo Grupo Liberdade Santa Diversidade, com recursos da Pol\u00edtica Nacional Aldir Blanc, do governo federal.<\/p>\n\n\n\n<figure class=\"wp-block-image size-full\"><img fetchpriority=\"high\" decoding=\"async\" width=\"1024\" height=\"1024\" src=\"https:\/\/sgvaimudar.com.br\/wp-content\/uploads\/2024\/12\/mapa-parad-1024x1024-2.png\" alt=\"\" class=\"wp-image-16754\" srcset=\"https:\/\/sgvaimudar.com.br\/wp-content\/uploads\/2024\/12\/mapa-parad-1024x1024-2.png 1024w, https:\/\/sgvaimudar.com.br\/wp-content\/uploads\/2024\/12\/mapa-parad-1024x1024-2-300x300.png 300w, https:\/\/sgvaimudar.com.br\/wp-content\/uploads\/2024\/12\/mapa-parad-1024x1024-2-150x150.png 150w, https:\/\/sgvaimudar.com.br\/wp-content\/uploads\/2024\/12\/mapa-parad-1024x1024-2-768x768.png 768w\" sizes=\"(max-width: 1024px) 100vw, 1024px\" \/><\/figure>\n\n\n\n<p>O tr\u00e1fego ser\u00e1 interditado aos ve\u00edculos nas ruas Dr. Feliciano Sodr\u00e9 e Doutor Nilo Pe\u00e7anha, no trecho compreendido entre a Rua S\u00e1 Carvalho e a Rua General Ant\u00f4nio Rodrigues; Rua Salvatori, no trecho compreendido entre as ruas Dr. Feliciano Sodr\u00e9 e Alu\u00edsio Neiva ; Rua Zeferino Reis, entre a Avenida Presidente Kennedy e a Rua Dr. Nilo Pe\u00e7anha; Rua Eduardo Vieira, Travessa Jorge Soares e Rua Ant\u00f4nio dos Santos Figueiredo, entre as ruas Dr. Nilo Pe\u00e7anha e Alu\u00edsio Neiva.<\/p>\n\n\n\n<p>A Avenida Presidente Kennedy ter\u00e1 duplo sentido de circula\u00e7\u00e3o vi\u00e1ria, por meio do sistema de \u201cFaixa Revers\u00edvel\u201d, no trecho compreendido entre a Rua S\u00e1 Carvalho e a Rua Fonseca Ramos.<\/p>\n\n\n\n<p>Em decorr\u00eancia dos bloqueios, o desvio de tr\u00e2nsito ser\u00e1 realizado da seguinte forma:<\/p>\n\n\n\n<p>No sentido Z\u00e9 Garoto x Alc\u00e2ntara, os ve\u00edculos acessar\u00e3o a Rua Coronel Moreira C\u00e9sar, utilizar\u00e3o a faixa revers\u00edvel pela Rua S\u00e1 Carvalho e seguir\u00e3o pela Avenida Presidente Kennedy e Rua Doutor Nilo Pe\u00e7anha.<\/p>\n\n\n\n<p>No sentido Avenida Maric\u00e1 x Centro, os ve\u00edculos acessar\u00e3o a Rua Salvatori, seguir\u00e3o pela Rua Alu\u00edsio Neiva, Rua General Ant\u00f4nio Rodrigues e a Rua Dr. Nilo Pe\u00e7anha.<\/p>\n\n\n\n<p><strong>Estacionamento proibido<\/strong><\/p>\n\n\n\n<p>Para garantir o bom andamento do evento e a fluidez dos ve\u00edculos que transitar\u00e3o pela faixa revers\u00edvel na Avenida Presidente Kennedy, durante a realiza\u00e7\u00e3o da parada est\u00e3o suspensos os estacionamentos, ponto de t\u00e1xi, embarque-desembarque e carga-descarga nas vias que ser\u00e3o interditadas.<\/p>\n\n\n\n<p>Tamb\u00e9m est\u00e1 proibido o estacionamento de ve\u00edculos nas vagas demarcadas na Avenida Presidente Kennedy. Os ve\u00edculos que estiverem estacionados nas vias interditadas estar\u00e3o sujeitos \u00e0 remo\u00e7\u00e3o conforme previsto no Art. 181 do C\u00f3digo de Tr\u00e2nsito Brasileiro (CTB).<\/p>\n\n\n\n<p>A concentra\u00e7\u00e3o para o evento dever\u00e1 acontecer na Rua Doutor Feliciano Sodr\u00e9, no trecho compreendido entre as Ruas S\u00e1 Carvalho e Machado de Assis.<\/p>\n\n\n\n<p><\/p>\n","protected":false},"excerpt":{"rendered":"<p>Evento acontecer\u00e1 neste domingo e interdi\u00e7\u00f5es v\u00e3o das 10h \u00e0s 22h Moradores e motoristas que trafegam pelo Centro de S\u00e3o&hellip;<\/p>\n","protected":false},"author":5,"featured_media":16753,"comment_status":"open","ping_status":"open","sticky":false,"template":"","format":"standard","meta":{"fifu_image_url":"","fifu_image_alt":"","footnotes":""},"categories":[3],"tags":[],"class_list":["post-16751","post","type-post","status-publish","format-standard","has-post-thumbnail","hentry","category-sao-goncalo"],"_links":{"self":[{"href":"https:\/\/sgvaimudar.com.br\/index.php\/wp-json\/wp\/v2\/posts\/16751","targetHints":{"allow":["GET"]}}],"collection":[{"href":"https:\/\/sgvaimudar.com.br\/index.php\/wp-json\/wp\/v2\/posts"}],"about":[{"href":"https:\/\/sgvaimudar.com.br\/index.php\/wp-json\/wp\/v2\/types\/post"}],"author":[{"embeddable":true,"href":"https:\/\/sgvaimudar.com.br\/index.php\/wp-json\/wp\/v2\/users\/5"}],"replies":[{"embeddable":true,"href":"https:\/\/sgvaimudar.com.br\/index.php\/wp-json\/wp\/v2\/comments?post=16751"}],"version-history":[{"count":2,"href":"https:\/\/sgvaimudar.com.br\/index.php\/wp-json\/wp\/v2\/posts\/16751\/revisions"}],"predecessor-version":[{"id":16756,"href":"https:\/\/sgvaimudar.com.br\/index.php\/wp-json\/wp\/v2\/posts\/16751\/revisions\/16756"}],"wp:featuredmedia":[{"embeddable":true,"href":"https:\/\/sgvaimudar.com.br\/index.php\/wp-json\/wp\/v2\/media\/16753"}],"wp:attachment":[{"href":"https:\/\/sgvaimudar.com.br\/index.php\/wp-json\/wp\/v2\/media?parent=16751"}],"wp:term":[{"taxonomy":"category","embeddable":true,"href":"https:\/\/sgvaimudar.com.br\/index.php\/wp-json\/wp\/v2\/categories?post=16751"},{"taxonomy":"post_tag","embeddable":true,"href":"https:\/\/sgvaimudar.com.br\/index.php\/wp-json\/wp\/v2\/tags?post=16751"}],"curies":[{"name":"wp","href":"https:\/\/api.w.org\/{rel}","templated":true}]}}