{"id":16747,"date":"2024-12-08T08:02:00","date_gmt":"2024-12-08T11:02:00","guid":{"rendered":"https:\/\/sgvaimudar.com.br\/?p=16747"},"modified":"2024-12-08T05:43:11","modified_gmt":"2024-12-08T08:43:11","slug":"saude-mental-realiza-show-de-talentos-no-teatro-municipal","status":"publish","type":"post","link":"https:\/\/sgvaimudar.com.br\/index.php\/2024\/12\/08\/saude-mental-realiza-show-de-talentos-no-teatro-municipal\/","title":{"rendered":"Sa\u00fade mental realiza show de talentos no Teatro Municipal"},"content":{"rendered":"\n<p><em>Usu\u00e1rios de equipamentos participaram de apresenta\u00e7\u00f5es art\u00edsticas<\/em><\/p>\n\n\n\n<p>O Teatro Municipal de S\u00e3o Gon\u00e7alo recebeu, na tarde desta sexta-feira (6), um evento especial da Sa\u00fade Mental, com um grande show de talentos realizado por usu\u00e1rios e coordenadores dos equipamentos de sa\u00fade mental de S\u00e3o Gon\u00e7alo.<\/p>\n\n\n\n<figure class=\"wp-block-image size-full\"><img fetchpriority=\"high\" decoding=\"async\" width=\"1024\" height=\"660\" src=\"https:\/\/sgvaimudar.com.br\/wp-content\/uploads\/2024\/12\/Foto-de-Luiz-Carvalho-PMSG-06dez2024-17.jpg\" alt=\"\" class=\"wp-image-16749\" srcset=\"https:\/\/sgvaimudar.com.br\/wp-content\/uploads\/2024\/12\/Foto-de-Luiz-Carvalho-PMSG-06dez2024-17.jpg 1024w, https:\/\/sgvaimudar.com.br\/wp-content\/uploads\/2024\/12\/Foto-de-Luiz-Carvalho-PMSG-06dez2024-17-300x193.jpg 300w, https:\/\/sgvaimudar.com.br\/wp-content\/uploads\/2024\/12\/Foto-de-Luiz-Carvalho-PMSG-06dez2024-17-768x495.jpg 768w\" sizes=\"(max-width: 1024px) 100vw, 1024px\" \/><\/figure>\n\n\n\n<p>\u201cEsse evento realizado pela sa\u00fade mental \u00e9 muito importante! A gente precisa ter uma sa\u00fade global, olhar o ser humano como um todo. Precisamos dessas pr\u00e1ticas, estar nestes espa\u00e7os, como o Teatro Municipal. Agrade\u00e7o a toda equipe da Sa\u00fade Mental e da Especializada\u201d, disse a secret\u00e1ria de Sa\u00fade da Prefeitura de S\u00e3o Gon\u00e7alo, dra. Bianca Serour.<\/p>\n\n\n\n<p>Os usu\u00e1rios realizaram apresenta\u00e7\u00f5es musicais e art\u00edsticas, como mon\u00f3logo, encena\u00e7\u00e3o, um grande evento contra a luta antimanicomial, o confinamento, o isolamento e valoriza\u00e7\u00e3o da express\u00e3o art\u00edstica dos usu\u00e1rios de equipamentos da sa\u00fade mental.<\/p>\n\n\n\n<p>&nbsp;\u201cHoje, a nossa liberdade de express\u00e3o \u00e9 transformada em express\u00e3o da liberdade. Viemos aqui para mostrar que o anticapacitismo \u00e9 uma bandeira da sa\u00fade mental. Estamos aqui para mostrar que somos, sim, capazes de produzir arte, cultura e muitas coisas boas\u201d, disse a coordenadora do Programa de Sa\u00fade Mental, \u00c1lcool e Outras Drogas de S\u00e3o Gon\u00e7alo, Elaine Xavier.<\/p>\n\n\n\n<p>A tarde tamb\u00e9m foi de homenagens aos coordenadores do Capsi Z\u00e9 Garoto, Caps Ad 2 (Z\u00e9 Garoto), Caps Ad 3 (Alc\u00e2ntara), Caps Francisco dos Santos Figueira, Caps Paulo Marcos Costa, Ambulat\u00f3rio Municipal em Sa\u00fade Mental Nise da Silveira, Ambulat\u00f3rio em Sa\u00fade Mental do PAM Coelho, Unidade de Acolhimento Infanto-Juvenil Bem Viver (UAI),\u00a0 enfermaria especializada da sa\u00fade mental, coordenadores de segmento e resid\u00eancias terap\u00eauticas.<\/p>\n\n\n\n<p><strong><em><sup>S\u00e3o Gon\u00e7alo Vai Mudar. O Maior Portal da Cidade.<\/sup><\/em><\/strong><\/p>\n\n\n\n<figure class=\"wp-block-image size-large\"><img decoding=\"async\" width=\"1024\" height=\"321\" src=\"https:\/\/sgvaimudar.com.br\/wp-content\/uploads\/2023\/08\/cropped-Logo-Provisoria-2-1024x321.png\" alt=\"\" class=\"wp-image-2778\" srcset=\"https:\/\/sgvaimudar.com.br\/wp-content\/uploads\/2023\/08\/cropped-Logo-Provisoria-2-1024x321.png 1024w, https:\/\/sgvaimudar.com.br\/wp-content\/uploads\/2023\/08\/cropped-Logo-Provisoria-2-300x94.png 300w, https:\/\/sgvaimudar.com.br\/wp-content\/uploads\/2023\/08\/cropped-Logo-Provisoria-2-768x240.png 768w, https:\/\/sgvaimudar.com.br\/wp-content\/uploads\/2023\/08\/cropped-Logo-Provisoria-2-1536x481.png 1536w, https:\/\/sgvaimudar.com.br\/wp-content\/uploads\/2023\/08\/cropped-Logo-Provisoria-2-2048x641.png 2048w\" sizes=\"(max-width: 1024px) 100vw, 1024px\" \/><\/figure>\n","protected":false},"excerpt":{"rendered":"<p>Usu\u00e1rios de equipamentos participaram de apresenta\u00e7\u00f5es art\u00edsticas O Teatro Municipal de S\u00e3o Gon\u00e7alo recebeu, na tarde desta sexta-feira (6), um&hellip;<\/p>\n","protected":false},"author":5,"featured_media":16748,"comment_status":"open","ping_status":"open","sticky":false,"template":"","format":"standard","meta":{"fifu_image_url":"","fifu_image_alt":"","footnotes":""},"categories":[3],"tags":[],"class_list":["post-16747","post","type-post","status-publish","format-standard","has-post-thumbnail","hentry","category-sao-goncalo"],"_links":{"self":[{"href":"https:\/\/sgvaimudar.com.br\/index.php\/wp-json\/wp\/v2\/posts\/16747","targetHints":{"allow":["GET"]}}],"collection":[{"href":"https:\/\/sgvaimudar.com.br\/index.php\/wp-json\/wp\/v2\/posts"}],"about":[{"href":"https:\/\/sgvaimudar.com.br\/index.php\/wp-json\/wp\/v2\/types\/post"}],"author":[{"embeddable":true,"href":"https:\/\/sgvaimudar.com.br\/index.php\/wp-json\/wp\/v2\/users\/5"}],"replies":[{"embeddable":true,"href":"https:\/\/sgvaimudar.com.br\/index.php\/wp-json\/wp\/v2\/comments?post=16747"}],"version-history":[{"count":1,"href":"https:\/\/sgvaimudar.com.br\/index.php\/wp-json\/wp\/v2\/posts\/16747\/revisions"}],"predecessor-version":[{"id":16750,"href":"https:\/\/sgvaimudar.com.br\/index.php\/wp-json\/wp\/v2\/posts\/16747\/revisions\/16750"}],"wp:featuredmedia":[{"embeddable":true,"href":"https:\/\/sgvaimudar.com.br\/index.php\/wp-json\/wp\/v2\/media\/16748"}],"wp:attachment":[{"href":"https:\/\/sgvaimudar.com.br\/index.php\/wp-json\/wp\/v2\/media?parent=16747"}],"wp:term":[{"taxonomy":"category","embeddable":true,"href":"https:\/\/sgvaimudar.com.br\/index.php\/wp-json\/wp\/v2\/categories?post=16747"},{"taxonomy":"post_tag","embeddable":true,"href":"https:\/\/sgvaimudar.com.br\/index.php\/wp-json\/wp\/v2\/tags?post=16747"}],"curies":[{"name":"wp","href":"https:\/\/api.w.org\/{rel}","templated":true}]}}