{"id":16714,"date":"2024-12-07T14:00:00","date_gmt":"2024-12-07T17:00:00","guid":{"rendered":"https:\/\/sgvaimudar.com.br\/?p=16714"},"modified":"2024-12-07T09:47:18","modified_gmt":"2024-12-07T12:47:18","slug":"prefeitura-promove-encaminhamento-para-vagas-de-emprego","status":"publish","type":"post","link":"https:\/\/sgvaimudar.com.br\/index.php\/2024\/12\/07\/prefeitura-promove-encaminhamento-para-vagas-de-emprego\/","title":{"rendered":"Prefeitura promove encaminhamento para vagas de emprego"},"content":{"rendered":"\n<p><em>Mais uma edi\u00e7\u00e3o do Programa Oportunidades acontece no Partage Shopping<\/em><\/p>\n\n\n\n<p>A Secretaria de Desenvolvimento Econ\u00f4mico da Prefeitura de S\u00e3o Gon\u00e7alo realizou, nesta sexta-feira (6), mais uma edi\u00e7\u00e3o do Programa Oportunidades. A a\u00e7\u00e3o teve in\u00edcio \u00e0s 10h e seguiu at\u00e9 \u00e0s 16h, na Sala do Empreendedor, no Partage Shopping, Centro. Foram oferecidas, ao todo, 56 vagas de emprego nos mais diversos cargos, al\u00e9m de servi\u00e7os como cadastros de Microempreendedor Individual (MEI), inscri\u00e7\u00e3o municipal e regulariza\u00e7\u00e3o de d\u00e9bitos.<\/p>\n\n\n\n<figure class=\"wp-block-image size-full\"><img fetchpriority=\"high\" decoding=\"async\" width=\"1024\" height=\"681\" src=\"https:\/\/sgvaimudar.com.br\/wp-content\/uploads\/2024\/12\/unnamed-5-4.jpg\" alt=\"\" class=\"wp-image-16715\" srcset=\"https:\/\/sgvaimudar.com.br\/wp-content\/uploads\/2024\/12\/unnamed-5-4.jpg 1024w, https:\/\/sgvaimudar.com.br\/wp-content\/uploads\/2024\/12\/unnamed-5-4-300x200.jpg 300w, https:\/\/sgvaimudar.com.br\/wp-content\/uploads\/2024\/12\/unnamed-5-4-768x511.jpg 768w\" sizes=\"(max-width: 1024px) 100vw, 1024px\" \/><\/figure>\n\n\n\n<p>O Oportunidades tem como objetivo facilitar o acesso da popula\u00e7\u00e3o aos servi\u00e7os da Casa do Empreendedor e do Sistema Nacional de Emprego (Sine). O Programa \u00e9 realizado pela Secretaria de Desenvolvimento Econ\u00f4mico da Prefeitura de S\u00e3o Gon\u00e7alo, com a Subsecretaria de Trabalho e em parceria com o Sistema Nacional de Emprego (Sine).<\/p>\n\n\n\n<p>O secret\u00e1rio de Desenvolvimento Econ\u00f4mico, Eug\u00eanio Abreu, destacou a import\u00e2ncia do projeto em S\u00e3o Gon\u00e7alo. &#8220;Essa \u00e9 a 19\u00aa edi\u00e7\u00e3o do Programa Oportunidades que fazemos neste ano. \u00c9 um prazer para n\u00f3s poder empregar os gon\u00e7alenses, valorizando os profissionais do munic\u00edpio e fornecendo mais dignidade para eles. Al\u00e9m disso, sanamos diversas d\u00favidas aqui sobre servi\u00e7os ligados ao MEI. Esperamos que, no pr\u00f3ximo ano, o Oportunidades consiga oferecer cada vez mais aos gon\u00e7alenses&#8221;, disse.<\/p>\n\n\n\n<p>Uma das pessoas que estava na a\u00e7\u00e3o buscando uma vaga de emprego foi Marcos Aur\u00e9lio Pereira de S\u00e1, de 61 anos. Desempregado h\u00e1 8 meses, o morador do Coluband\u00ea soube do evento atrav\u00e9s de familiares. &#8220;Minha irm\u00e3 soube da a\u00e7\u00e3o e me comunicou. Eu n\u00e3o pensei duas vezes antes de vir e fui muito bem atendido. Espero que eu consiga uma vaga para voltar ao mercado de trabalho&#8221;, afirmou.<\/p>\n\n\n\n<p><strong><em><sup>S\u00e3o Gon\u00e7alo Vai Mudar. O Maior Portal da Cidade.<\/sup><\/em><\/strong><\/p>\n\n\n\n<figure class=\"wp-block-image size-large\"><img decoding=\"async\" width=\"1024\" height=\"321\" src=\"https:\/\/sgvaimudar.com.br\/wp-content\/uploads\/2023\/08\/Logo-Provisoria-2-1024x321.png\" alt=\"\" class=\"wp-image-2777\" srcset=\"https:\/\/sgvaimudar.com.br\/wp-content\/uploads\/2023\/08\/Logo-Provisoria-2-1024x321.png 1024w, https:\/\/sgvaimudar.com.br\/wp-content\/uploads\/2023\/08\/Logo-Provisoria-2-300x94.png 300w, https:\/\/sgvaimudar.com.br\/wp-content\/uploads\/2023\/08\/Logo-Provisoria-2-768x241.png 768w, https:\/\/sgvaimudar.com.br\/wp-content\/uploads\/2023\/08\/Logo-Provisoria-2-1536x482.png 1536w, https:\/\/sgvaimudar.com.br\/wp-content\/uploads\/2023\/08\/Logo-Provisoria-2-2048x642.png 2048w\" sizes=\"(max-width: 1024px) 100vw, 1024px\" \/><\/figure>\n","protected":false},"excerpt":{"rendered":"<p>Mais uma edi\u00e7\u00e3o do Programa Oportunidades acontece no Partage Shopping A Secretaria de Desenvolvimento Econ\u00f4mico da Prefeitura de S\u00e3o Gon\u00e7alo&hellip;<\/p>\n","protected":false},"author":5,"featured_media":16717,"comment_status":"open","ping_status":"open","sticky":false,"template":"","format":"standard","meta":{"fifu_image_url":"","fifu_image_alt":"","footnotes":""},"categories":[3],"tags":[],"class_list":["post-16714","post","type-post","status-publish","format-standard","has-post-thumbnail","hentry","category-sao-goncalo"],"_links":{"self":[{"href":"https:\/\/sgvaimudar.com.br\/index.php\/wp-json\/wp\/v2\/posts\/16714","targetHints":{"allow":["GET"]}}],"collection":[{"href":"https:\/\/sgvaimudar.com.br\/index.php\/wp-json\/wp\/v2\/posts"}],"about":[{"href":"https:\/\/sgvaimudar.com.br\/index.php\/wp-json\/wp\/v2\/types\/post"}],"author":[{"embeddable":true,"href":"https:\/\/sgvaimudar.com.br\/index.php\/wp-json\/wp\/v2\/users\/5"}],"replies":[{"embeddable":true,"href":"https:\/\/sgvaimudar.com.br\/index.php\/wp-json\/wp\/v2\/comments?post=16714"}],"version-history":[{"count":1,"href":"https:\/\/sgvaimudar.com.br\/index.php\/wp-json\/wp\/v2\/posts\/16714\/revisions"}],"predecessor-version":[{"id":16718,"href":"https:\/\/sgvaimudar.com.br\/index.php\/wp-json\/wp\/v2\/posts\/16714\/revisions\/16718"}],"wp:featuredmedia":[{"embeddable":true,"href":"https:\/\/sgvaimudar.com.br\/index.php\/wp-json\/wp\/v2\/media\/16717"}],"wp:attachment":[{"href":"https:\/\/sgvaimudar.com.br\/index.php\/wp-json\/wp\/v2\/media?parent=16714"}],"wp:term":[{"taxonomy":"category","embeddable":true,"href":"https:\/\/sgvaimudar.com.br\/index.php\/wp-json\/wp\/v2\/categories?post=16714"},{"taxonomy":"post_tag","embeddable":true,"href":"https:\/\/sgvaimudar.com.br\/index.php\/wp-json\/wp\/v2\/tags?post=16714"}],"curies":[{"name":"wp","href":"https:\/\/api.w.org\/{rel}","templated":true}]}}