{"id":16657,"date":"2024-12-06T14:00:00","date_gmt":"2024-12-06T17:00:00","guid":{"rendered":"https:\/\/sgvaimudar.com.br\/?p=16657"},"modified":"2024-12-06T16:06:09","modified_gmt":"2024-12-06T19:06:09","slug":"censo-sobre-o-acesso-a-educacao-que-cresce-no-pais-e-poe-em-xeque-mate-a-insuficiencia-de-vagas-nas-escolas-de-niteroi","status":"publish","type":"post","link":"https:\/\/sgvaimudar.com.br\/index.php\/2024\/12\/06\/censo-sobre-o-acesso-a-educacao-que-cresce-no-pais-e-poe-em-xeque-mate-a-insuficiencia-de-vagas-nas-escolas-de-niteroi\/","title":{"rendered":"Censo sobre o acesso a educa\u00e7\u00e3o que cresce no pa\u00eds p\u00f5e em xeque mate a insufici\u00eancia de vagas nas escolas de Niter\u00f3i"},"content":{"rendered":"\n<p><em>Defensoria P\u00fablica do RJ concluiu que, no final de 2022, mais de duas mil crian\u00e7as de at\u00e9 3 anos ainda aguardavam uma vaga em creches no munic\u00edpio<\/em><\/p>\n\n\n\n<p>O n\u00famero de crian\u00e7as com acesso \u00e0 educa\u00e7\u00e3o no pa\u00eds voltou a crescer, segundo a S\u00edntese de Indicadores Sociais (SIS) 2024, divulgada na quarta-feira (4\/12) pelo Instituto Brasileiro de Geografia e Estat\u00edstica (IBGE) colocou em xeque mate a quantidade de vagas dispon\u00edveis na rede municipal de creches e educa\u00e7\u00e3o infantil de Niter\u00f3i que continua insuficiente para atender a demanda.<\/p>\n\n\n\n<p>A Secretaria Municipal de Educa\u00e7\u00e3o deve divulgar nesta sexta-feira (6\/12) o resultado das inscri\u00e7\u00f5es de pr\u00e9-matricula da Educa\u00e7\u00e3o Infantil. Elas s\u00e3o exclusivas para residentes em Niter\u00f3i. Os contemplados dever\u00e3o se matricular nas escolas de 9 a 13 de dezembro. O n\u00famero de vagas, no entanto, continua sendo pol\u00eamico.<\/p>\n\n\n\n<p>A Secretaria diz que a rede est\u00e1 em frequente expans\u00e3o, com mais 600 vagas em tr\u00eas novas escolas inauguradas em 2024. Mas, ao ser acionada pelos pais, que n\u00e3o conseguiram matricular os filhos em anos anteriores, a Defensoria P\u00fablica do RJ concluiu que, no final de 2022, mais de duas mil crian\u00e7as de at\u00e9 3 anos ainda aguardavam uma vaga em creches no munic\u00edpio.<\/p>\n\n\n\n<p>J\u00e1 para o ano letivo de 2023, a fila de espera por vagas em creches (0 a 3 anos) seria de 2.390 crian\u00e7as, existindo ainda 699 crian\u00e7as fora da pr\u00e9-escola (4 e 5 anos). Este ano foram mais de tr\u00eas mil sem conseguir uma vaga em Niter\u00f3i.<\/p>\n\n\n\n<p>A nutricionista Martha Rabello, moradora de Icara\u00ed, na Zona Sul de Niter\u00f3i, disse estar esperando vaga para os filhos Manuela Rabelo Cordeiro Martorelli, de 2 anos e Matheus Rabelo Cordeiro Martorelli, de 6 anos. Ela disse que j\u00e1 tentou v\u00e1rias vezes nas escolas perto do bairro e segue na fila de espera.<\/p>\n\n\n\n<p>&#8220;Estou tentando no col\u00e9gio S\u00e3o Vicente de Paula, naquela creche que tem ao lado da escola. L\u00e1 \u00e9 de gra\u00e7a e depois as crian\u00e7as tem oportunidade de ir pra escola com bolsa, mas at\u00e9 agora nada&#8221;, lamentou a moradora.<\/p>\n\n\n\n<p>Ela disse que est\u00e1 tentando transfer\u00eancias para as crian\u00e7as para escola da Universidade Federal Fluminense (UFF). &#8220;Dizem que \u00e9 muito boa e \u00e9 muito perto da casa dos meus pais. E seria uma boa porque quando estou trabalhando s\u00e3o eles que levam. Seria muito mais f\u00e1cil. S\u00f3 que \u00e9 bem dif\u00edcil de conseguir, s\u00f3 quem tem indica\u00e7\u00e3o. J\u00e1 fiz a inscri\u00e7\u00e3o deles e sigo aguardando a sele\u00e7\u00e3o&#8221;, afirmou Martha.<\/p>\n\n\n\n<p>Segundo o censo do Instituto Nacional de Estudos e Pesquisas Educacionais An\u00edsio Teixeira (Inep) do Governo Federal em 2020 a Prefeitura ofereceu 6.902 vagas no segmento em 2023 foram abertas 6.653 matr\u00edculas.<\/p>\n\n\n\n<p>A Secretaria Municipal de Educa\u00e7\u00e3o diz que os dados apresentados no relat\u00f3rio n\u00e3o est\u00e3o corretos e que em 2024 foram oferecidos 6.996 vagas na Educa\u00e7\u00e3o Infantil da rede municipal, al\u00e9m de outras 2.182 vagas em creches comunit\u00e1rias conveniadas e 1.600 no Programa Escola Parceira.<\/p>\n\n\n\n<p><strong>EFEITO COVID<\/strong>&#8211;<strong>19 <\/strong>&#8211; Ap\u00f3s o impacto negativo causado pela pandemia de Covid-19 a partir de 2020, o acesso \u00e0 educa\u00e7\u00e3o para os grupos de idade mais novos voltou a crescer em 2023. A frequ\u00eancia escolar para crian\u00e7as de 0 a 3 anos de idade passou de 36,0% para 38,7% entre 2022 e 2023; e para 4 a 5 anos de idade, de 91,5% para 92,9%. <\/p>\n\n\n\n<p>No entanto, entre 2022 e 2023, aumentou o percentual de crian\u00e7as com at\u00e9 5 anos de idade que n\u00e3o frequentavam escola por op\u00e7\u00e3o dos pais ou respons\u00e1veis, passando de 57,1% para 60,7% na faixa et\u00e1ria de 0 a 3 anos, e de 39,8% para 47,4% na de 4 a 5 anos. Os dados s\u00e3o da SIS 2024 divulgados nesta quarta 4\/12 pelo IBGE.<\/p>\n\n\n\n<p>O estudo mostra um quadro diferente do que foi visto de 2019 a 2022, quando o \u00fanico grupo et\u00e1rio que manteve trajet\u00f3ria de crescimento da frequ\u00eancia escolar foi o de 15 a 17 anos, passando de 89,0% para 92,2%.<\/p>\n\n\n\n<p>\u201cOs resultados da educa\u00e7\u00e3o indicam que o retrocesso causado pela pandemia de COVID-19 na garantia de acesso \u00e0 escola foi revertido em 2023, mais de tr\u00eas anos depois dos primeiros casos da doen\u00e7a no Brasil\u201d, destaca Bruno Perez, analista da SIS.<\/p>\n\n\n\n<p>Em 2023, crian\u00e7as na faixa et\u00e1ria de 6 a 14 anos mantiveram a frequ\u00eancia escolar pr\u00f3xima da universaliza\u00e7\u00e3o (99,4%) e, nos grupos de idade de 15 a 17 anos (91,9%) e de 18 a 24 anos (30,5%), a frequ\u00eancia escolar ficou est\u00e1vel em rela\u00e7\u00e3o a 2022.<\/p>\n\n\n\n<p>Dessa forma, o Brasil voltou a avan\u00e7ar no cumprimento de uma das metas do Plano Nacional de Educa\u00e7\u00e3o (PNE), no per\u00edodo de 2022 a 2023, que estabelece como objetivo a universaliza\u00e7\u00e3o da educa\u00e7\u00e3o infantil na pr\u00e9-escola para as crian\u00e7as de 4 a 5 anos de idade e o atendimento de, no m\u00ednimo, 50% das crian\u00e7as de at\u00e9 3 anos at\u00e9 2024.<\/p>\n\n\n\n<p><em>Fonte: Coluna do Gilson Monteiro com informa\u00e7\u00f5es IBGE<\/em><\/p>\n\n\n\n<figure class=\"wp-block-image size-full\"><img decoding=\"async\" width=\"250\" height=\"87\" src=\"https:\/\/sgvaimudar.com.br\/wp-content\/uploads\/2023\/08\/cropped-Logo.png\" alt=\"\" class=\"wp-image-2739\" \/><\/figure>\n\n\n\n<p><\/p>\n\n\n\n<p> <\/p>\n","protected":false},"excerpt":{"rendered":"<p>Defensoria P\u00fablica do RJ concluiu que, no final de 2022, mais de duas mil crian\u00e7as de at\u00e9 3 anos ainda&hellip;<\/p>\n","protected":false},"author":5,"featured_media":16658,"comment_status":"open","ping_status":"open","sticky":false,"template":"","format":"standard","meta":{"fifu_image_url":"","fifu_image_alt":"","footnotes":""},"categories":[34],"tags":[],"class_list":["post-16657","post","type-post","status-publish","format-standard","has-post-thumbnail","hentry","category-niteroi"],"_links":{"self":[{"href":"https:\/\/sgvaimudar.com.br\/index.php\/wp-json\/wp\/v2\/posts\/16657","targetHints":{"allow":["GET"]}}],"collection":[{"href":"https:\/\/sgvaimudar.com.br\/index.php\/wp-json\/wp\/v2\/posts"}],"about":[{"href":"https:\/\/sgvaimudar.com.br\/index.php\/wp-json\/wp\/v2\/types\/post"}],"author":[{"embeddable":true,"href":"https:\/\/sgvaimudar.com.br\/index.php\/wp-json\/wp\/v2\/users\/5"}],"replies":[{"embeddable":true,"href":"https:\/\/sgvaimudar.com.br\/index.php\/wp-json\/wp\/v2\/comments?post=16657"}],"version-history":[{"count":6,"href":"https:\/\/sgvaimudar.com.br\/index.php\/wp-json\/wp\/v2\/posts\/16657\/revisions"}],"predecessor-version":[{"id":16681,"href":"https:\/\/sgvaimudar.com.br\/index.php\/wp-json\/wp\/v2\/posts\/16657\/revisions\/16681"}],"wp:featuredmedia":[{"embeddable":true,"href":"https:\/\/sgvaimudar.com.br\/index.php\/wp-json\/wp\/v2\/media\/16658"}],"wp:attachment":[{"href":"https:\/\/sgvaimudar.com.br\/index.php\/wp-json\/wp\/v2\/media?parent=16657"}],"wp:term":[{"taxonomy":"category","embeddable":true,"href":"https:\/\/sgvaimudar.com.br\/index.php\/wp-json\/wp\/v2\/categories?post=16657"},{"taxonomy":"post_tag","embeddable":true,"href":"https:\/\/sgvaimudar.com.br\/index.php\/wp-json\/wp\/v2\/tags?post=16657"}],"curies":[{"name":"wp","href":"https:\/\/api.w.org\/{rel}","templated":true}]}}