{"id":16650,"date":"2024-12-06T13:00:00","date_gmt":"2024-12-06T16:00:00","guid":{"rendered":"https:\/\/sgvaimudar.com.br\/?p=16650"},"modified":"2024-12-06T10:43:53","modified_gmt":"2024-12-06T13:43:53","slug":"mergulhao-do-centro-de-niteroi-e-interditado-apos-derrame-de-concreto-e-causa-caos-na-vida-do-trabalhador","status":"publish","type":"post","link":"https:\/\/sgvaimudar.com.br\/index.php\/2024\/12\/06\/mergulhao-do-centro-de-niteroi-e-interditado-apos-derrame-de-concreto-e-causa-caos-na-vida-do-trabalhador\/","title":{"rendered":"Mergulh\u00e3o do Centro de Niter\u00f3i \u00e9 interditado ap\u00f3s derrame de concreto e causa caos na vida do trabalhador"},"content":{"rendered":"\n<p><em>Principal via de acesso \u00e0 BR-101 e \u00e0 RJ-106 precisou ser fechada na tarde desta quinta (05) e atrasou a volta para casa do gon\u00e7alense<\/em><\/p>\n\n\n\n<p>A interdi\u00e7\u00e3o do Mergulh\u00e3o Jos\u00e9 Vicente, em Niter\u00f3i, no fim da tarde desta quinta-feira (5\/12), devido a um derramamento de concreto no trecho logo na descida, causou um grande transtorno aos passageiros na volta para casa.<\/p>\n\n\n\n<figure class=\"wp-block-video\"><video height=\"360\" style=\"aspect-ratio: 636 \/ 360;\" width=\"636\" controls src=\"https:\/\/sgvaimudar.com.br\/wp-content\/uploads\/2024\/12\/WhatsApp-Video-2024-12-06-at-01.24.04.mp4\"><\/video><\/figure>\n\n\n\n<p>Segundo as informa\u00e7\u00f5es, a principal via de acesso \u00e0s rodovias BR-101 e RJ-106, fechada deixou um monte de gente desesperada no Terminal Jo\u00e3o Goulart, no Centro de Niter\u00f3i mofando nos postos de \u00f4nibus porque os \u00f4nibus n\u00e3o conseguiam chegar  e uma gigantesca fila jamais vista se formou.<\/p>\n\n\n\n<p>&#8220;Nunca vi o terminal assim, chocaadooooo!!!&#8221;, escreveu um passageiro em um grupo de WhatsApp. J\u00e1 outro lamentou o caos. &#8220;Niter\u00f3i est\u00e1 um pavor, cidade sorriso acabou&#8221;, escreveu em uma postagem. &#8220;Tudo parado na Avenida Feliciano Sodr\u00e9 n\u00e3o vem pr\u00e1 c\u00e1 n\u00e3o&#8221;, alertou um internauta.<\/p>\n\n\n\n<figure class=\"wp-block-video\"><video height=\"360\" style=\"aspect-ratio: 480 \/ 360;\" width=\"480\" controls src=\"https:\/\/sgvaimudar.com.br\/wp-content\/uploads\/2024\/12\/WhatsApp-Video-2024-12-06-at-01.24.05.mp4\"><\/video><\/figure>\n\n\n\n<p>Tudo isso porque um ve\u00edculo passou derramando concreto no trecho que precisou ser completamente fechado por volta das 16h35. As faixas foram totalmente liberadas ao tr\u00e2nsito no fim da tarde, com a retirada do material que caiu na pista.\u00a0<\/p>\n\n\n\n<figure class=\"wp-block-video\"><video height=\"360\" style=\"aspect-ratio: 480 \/ 360;\" width=\"480\" controls src=\"https:\/\/sgvaimudar.com.br\/wp-content\/uploads\/2024\/12\/WhatsApp-Video-2024-12-06-at-01.24.04-1.mp4\"><\/video><\/figure>\n\n\n\n<p>A Prefeitura de Niter\u00f3i disse que as equipes da Niter\u00f3i Transporte e Tr\u00e2nsito (Nittrans) e da Companhia Municipal de Limpeza Urbana de Niter\u00f3i (Clin) e da Ecoponte foram acionadas para limpar o trecho. N\u00e3o houve registros de feridos. <\/p>\n\n\n\n<figure class=\"wp-block-video\"><video height=\"640\" style=\"aspect-ratio: 360 \/ 640;\" width=\"360\" controls src=\"https:\/\/sgvaimudar.com.br\/wp-content\/uploads\/2024\/12\/Mergulhao-do-Centro-de-Niteroi-e-interditado-apos-0015086900202412051737.mp4\"><\/video><\/figure>\n\n\n\n<p>A interdi\u00e7\u00e3o provocou um congestionamento na sa\u00edda de Niter\u00f3i pela Av. Feliciano Sodr\u00e9 e gerou reflexos no tr\u00e2nsito na Ponte Rio-Niter\u00f3i e na BR-101. \u00c0s 17h, apenas uma das faixas permanecia fechada.<\/p>\n\n\n\n<p><strong><em><sup>S\u00e3o Gon\u00e7alo Vai Mudar. O Maior Portal da Cidade.<\/sup><\/em><\/strong><\/p>\n\n\n\n<figure class=\"wp-block-image size-large\"><img fetchpriority=\"high\" decoding=\"async\" width=\"1024\" height=\"321\" src=\"https:\/\/sgvaimudar.com.br\/wp-content\/uploads\/2023\/08\/Logo-Provisoria-2-1024x321.png\" alt=\"\" class=\"wp-image-2777\" srcset=\"https:\/\/sgvaimudar.com.br\/wp-content\/uploads\/2023\/08\/Logo-Provisoria-2-1024x321.png 1024w, https:\/\/sgvaimudar.com.br\/wp-content\/uploads\/2023\/08\/Logo-Provisoria-2-300x94.png 300w, https:\/\/sgvaimudar.com.br\/wp-content\/uploads\/2023\/08\/Logo-Provisoria-2-768x241.png 768w, https:\/\/sgvaimudar.com.br\/wp-content\/uploads\/2023\/08\/Logo-Provisoria-2-1536x482.png 1536w, https:\/\/sgvaimudar.com.br\/wp-content\/uploads\/2023\/08\/Logo-Provisoria-2-2048x642.png 2048w\" sizes=\"(max-width: 1024px) 100vw, 1024px\" \/><\/figure>\n","protected":false},"excerpt":{"rendered":"<p>Principal via de acesso \u00e0 BR-101 e \u00e0 RJ-106 precisou ser fechada na tarde desta quinta (05) e atrasou a&hellip;<\/p>\n","protected":false},"author":5,"featured_media":16655,"comment_status":"open","ping_status":"open","sticky":false,"template":"","format":"standard","meta":{"fifu_image_url":"","fifu_image_alt":"","footnotes":""},"categories":[34,3],"tags":[],"class_list":["post-16650","post","type-post","status-publish","format-standard","has-post-thumbnail","hentry","category-niteroi","category-sao-goncalo"],"_links":{"self":[{"href":"https:\/\/sgvaimudar.com.br\/index.php\/wp-json\/wp\/v2\/posts\/16650","targetHints":{"allow":["GET"]}}],"collection":[{"href":"https:\/\/sgvaimudar.com.br\/index.php\/wp-json\/wp\/v2\/posts"}],"about":[{"href":"https:\/\/sgvaimudar.com.br\/index.php\/wp-json\/wp\/v2\/types\/post"}],"author":[{"embeddable":true,"href":"https:\/\/sgvaimudar.com.br\/index.php\/wp-json\/wp\/v2\/users\/5"}],"replies":[{"embeddable":true,"href":"https:\/\/sgvaimudar.com.br\/index.php\/wp-json\/wp\/v2\/comments?post=16650"}],"version-history":[{"count":1,"href":"https:\/\/sgvaimudar.com.br\/index.php\/wp-json\/wp\/v2\/posts\/16650\/revisions"}],"predecessor-version":[{"id":16656,"href":"https:\/\/sgvaimudar.com.br\/index.php\/wp-json\/wp\/v2\/posts\/16650\/revisions\/16656"}],"wp:featuredmedia":[{"embeddable":true,"href":"https:\/\/sgvaimudar.com.br\/index.php\/wp-json\/wp\/v2\/media\/16655"}],"wp:attachment":[{"href":"https:\/\/sgvaimudar.com.br\/index.php\/wp-json\/wp\/v2\/media?parent=16650"}],"wp:term":[{"taxonomy":"category","embeddable":true,"href":"https:\/\/sgvaimudar.com.br\/index.php\/wp-json\/wp\/v2\/categories?post=16650"},{"taxonomy":"post_tag","embeddable":true,"href":"https:\/\/sgvaimudar.com.br\/index.php\/wp-json\/wp\/v2\/tags?post=16650"}],"curies":[{"name":"wp","href":"https:\/\/api.w.org\/{rel}","templated":true}]}}