{"id":16591,"date":"2024-12-06T07:07:43","date_gmt":"2024-12-06T10:07:43","guid":{"rendered":"https:\/\/sgvaimudar.com.br\/?p=16591"},"modified":"2024-12-06T07:07:44","modified_gmt":"2024-12-06T10:07:44","slug":"sg-previ-divulga-calendario-para-recadastramento-anual-em-2025","status":"publish","type":"post","link":"https:\/\/sgvaimudar.com.br\/index.php\/2024\/12\/06\/sg-previ-divulga-calendario-para-recadastramento-anual-em-2025\/","title":{"rendered":"SG Previ divulga calend\u00e1rio para recadastramento anual em 2025"},"content":{"rendered":"\n<p><em>Data limite para efetiva\u00e7\u00e3o do processo varia de acordo com o m\u00eas de nascimento dos segurados<\/em><\/p>\n\n\n\n<p>O Instituto de Previd\u00eancia dos Servidores Municipais de S\u00e3o Gon\u00e7alo (SG Previ) divulgou, no Di\u00e1rio Oficial do munic\u00edpio desta quinta-feira (5), o calend\u00e1rio do recadastramento anual dos servidores aposentados e pensionistas da administra\u00e7\u00e3o direta e indireta do munic\u00edpio para o ano de 2025.<\/p>\n\n\n\n<figure class=\"wp-block-image size-large\"><img fetchpriority=\"high\" decoding=\"async\" width=\"1024\" height=\"1024\" src=\"https:\/\/sgvaimudar.com.br\/wp-content\/uploads\/2024\/12\/unnamed-5-3-1024x1024.jpg\" alt=\"\" class=\"wp-image-16592\" srcset=\"https:\/\/sgvaimudar.com.br\/wp-content\/uploads\/2024\/12\/unnamed-5-3-1024x1024.jpg 1024w, https:\/\/sgvaimudar.com.br\/wp-content\/uploads\/2024\/12\/unnamed-5-3-300x300.jpg 300w, https:\/\/sgvaimudar.com.br\/wp-content\/uploads\/2024\/12\/unnamed-5-3-150x150.jpg 150w, https:\/\/sgvaimudar.com.br\/wp-content\/uploads\/2024\/12\/unnamed-5-3-768x768.jpg 768w, https:\/\/sgvaimudar.com.br\/wp-content\/uploads\/2024\/12\/unnamed-5-3.jpg 1200w\" sizes=\"(max-width: 1024px) 100vw, 1024px\" \/><\/figure>\n\n\n\n<p>A data limite para efetiva\u00e7\u00e3o do processo varia de acordo com o m\u00eas de nascimento de cada um e deve ser respeitada para que o servidor n\u00e3o tenha o benef\u00edcio suspenso.<\/p>\n\n\n\n<p>Confira a seguir o calend\u00e1rio do recadastramento:<\/p>\n\n\n\n<p>&#8211; Para os nascidos em janeiro, fevereiro e mar\u00e7o, o recadastramento ter\u00e1 in\u00edcio no dia 2 de janeiro e seguir\u00e1 at\u00e9 o dia 7 de mar\u00e7o;<\/p>\n\n\n\n<p>&#8211; Para os nascidos em abril, maio e junho, o recadastramento dever\u00e1 ser feito entre os dias 10 de mar\u00e7o e 12 de maio;<\/p>\n\n\n\n<p>&#8211; Para os nascidos em julho, agosto e setembro, o recadastramento dever\u00e1 ser feito entre 13 de maio e 14 de julho;<\/p>\n\n\n\n<p>&#8211; Para os nascidos em outubro, novembro e dezembro, o recadastramento dever\u00e1 ser feito entre 15 de julho e 15 de setembro;<\/p>\n\n\n\n<p>O recadastramento pode ser feito presencialmente na Central de Atendimento ao Segurado, localizada na Rua Coronel Serrado, n\u00ba 1.000, sala 801, no bairro Z\u00e9 Garoto.<\/p>\n\n\n\n<p>Os benefici\u00e1rios que estejam impossibilitados de comparecer \u00e0 Central de Atendimento, por motivo de enfermidade ou comprovadamente de for\u00e7a maior, podem realizar o procedimento por meio de visita social, recebendo um (a) assistente social, devidamente identificado (a), com a finalidade de prova de vida, devendo apresentar a documenta\u00e7\u00e3o exigida pelo SG-Previ.<\/p>\n\n\n\n<p>O recadastramento tamb\u00e9m poder\u00e1 ser feito pelos procuradores ou representantes legais, legalmente constitu\u00eddos pelos aposentados e pensionistas, que dever\u00e3o encaminhar atrav\u00e9s dos mesmos a declara\u00e7\u00e3o de prova de vida, com reconhecimento de firma por autenticidade, assim como as c\u00f3pias autenticadas da documenta\u00e7\u00e3o exigida.<\/p>\n\n\n\n<p>O processo de recadastramento ainda poder\u00e1 ser feito pelos correios, com aviso de recebimento, para Central de Atendimento ao Segurado, pelo seguinte endere\u00e7o: Rua Coronel Serrado, n.\u00ba 1000, sala 801, Bairro Z\u00e9 Garoto, S\u00e3o Gon\u00e7alo\/RJ, CEP: 24.440-000, com o envio de c\u00f3pias autenticadas da documenta\u00e7\u00e3o constante exigida, assim como a declara\u00e7\u00e3o de prova de vida, com reconhecimento de firma por autenticidade.<\/p>\n\n\n\n<p><strong>Documenta\u00e7\u00e3o<\/strong>&nbsp;&#8211; Os documentos exigidos para atualiza\u00e7\u00e3o de cadastro (todos os documentos originais) s\u00e3o:<\/p>\n\n\n\n<ul class=\"wp-block-list\">\n<li>Documento de identidade v\u00e1lido em todo territ\u00f3rio nacional;<\/li>\n<\/ul>\n\n\n\n<ul class=\"wp-block-list\">\n<li>Comprovante\/ atestado, laudo m\u00e9dico qeu ateste a invalidez do aposentado ou pensionista, quando for o caso;<\/li>\n<\/ul>\n\n\n\n<ul class=\"wp-block-list\">\n<li>Inscri\u00e7\u00e3o no cadastro de Pessoas F\u00edsicas (CPF);<\/li>\n<\/ul>\n\n\n\n<ul class=\"wp-block-list\">\n<li>Comprovante de resid\u00eancia de servi\u00e7os fixos (\u00e1gua, luz, telefone fixo);<\/li>\n<\/ul>\n\n\n\n<ul class=\"wp-block-list\">\n<li>Qualquer contracheque do servidor inativo ou pensionista, emitido nos 3 (tr\u00eas) \u00faltimos meses;<\/li>\n<\/ul>\n\n\n\n<ul class=\"wp-block-list\">\n<li>Documento de identidade do c\u00f4njuge ou companheiro (a) v\u00e1lido em todo territ\u00f3rio nacional (apenas para servidores aposentados);<\/li>\n<\/ul>\n\n\n\n<ul class=\"wp-block-list\">\n<li>Documento de identidade dos filhos menores de 21 (vinte e um) anos e comprovante de invalidez dos mesmos, quando for o caso (apenas para servidores aposentados).<\/li>\n<\/ul>\n\n\n\n<p>N\u00e3o ser\u00e3o reconhecidos como v\u00e1lidos os documentos que n\u00e3o atenderem a todos os requisitos exigidos.<\/p>\n\n\n\n<p><strong><em><sup>S\u00e3o Gon\u00e7alo Vai Mudar. O Maior Portal da Cidade.<\/sup><\/em><\/strong><\/p>\n\n\n\n<figure class=\"wp-block-image size-full\"><img decoding=\"async\" width=\"317\" height=\"110\" src=\"https:\/\/sgvaimudar.com.br\/wp-content\/uploads\/2023\/08\/cropped-Logo-Provisoria-2-2.png\" alt=\"\" class=\"wp-image-2782\" srcset=\"https:\/\/sgvaimudar.com.br\/wp-content\/uploads\/2023\/08\/cropped-Logo-Provisoria-2-2.png 317w, https:\/\/sgvaimudar.com.br\/wp-content\/uploads\/2023\/08\/cropped-Logo-Provisoria-2-2-300x104.png 300w\" sizes=\"(max-width: 317px) 100vw, 317px\" \/><\/figure>\n","protected":false},"excerpt":{"rendered":"<p>Data limite para efetiva\u00e7\u00e3o do processo varia de acordo com o m\u00eas de nascimento dos segurados O Instituto de Previd\u00eancia&hellip;<\/p>\n","protected":false},"author":5,"featured_media":6210,"comment_status":"open","ping_status":"open","sticky":false,"template":"","format":"standard","meta":{"fifu_image_url":"","fifu_image_alt":"","footnotes":""},"categories":[3],"tags":[],"class_list":["post-16591","post","type-post","status-publish","format-standard","has-post-thumbnail","hentry","category-sao-goncalo"],"_links":{"self":[{"href":"https:\/\/sgvaimudar.com.br\/index.php\/wp-json\/wp\/v2\/posts\/16591","targetHints":{"allow":["GET"]}}],"collection":[{"href":"https:\/\/sgvaimudar.com.br\/index.php\/wp-json\/wp\/v2\/posts"}],"about":[{"href":"https:\/\/sgvaimudar.com.br\/index.php\/wp-json\/wp\/v2\/types\/post"}],"author":[{"embeddable":true,"href":"https:\/\/sgvaimudar.com.br\/index.php\/wp-json\/wp\/v2\/users\/5"}],"replies":[{"embeddable":true,"href":"https:\/\/sgvaimudar.com.br\/index.php\/wp-json\/wp\/v2\/comments?post=16591"}],"version-history":[{"count":1,"href":"https:\/\/sgvaimudar.com.br\/index.php\/wp-json\/wp\/v2\/posts\/16591\/revisions"}],"predecessor-version":[{"id":16593,"href":"https:\/\/sgvaimudar.com.br\/index.php\/wp-json\/wp\/v2\/posts\/16591\/revisions\/16593"}],"wp:featuredmedia":[{"embeddable":true,"href":"https:\/\/sgvaimudar.com.br\/index.php\/wp-json\/wp\/v2\/media\/6210"}],"wp:attachment":[{"href":"https:\/\/sgvaimudar.com.br\/index.php\/wp-json\/wp\/v2\/media?parent=16591"}],"wp:term":[{"taxonomy":"category","embeddable":true,"href":"https:\/\/sgvaimudar.com.br\/index.php\/wp-json\/wp\/v2\/categories?post=16591"},{"taxonomy":"post_tag","embeddable":true,"href":"https:\/\/sgvaimudar.com.br\/index.php\/wp-json\/wp\/v2\/tags?post=16591"}],"curies":[{"name":"wp","href":"https:\/\/api.w.org\/{rel}","templated":true}]}}