{"id":16540,"date":"2024-12-05T10:00:00","date_gmt":"2024-12-05T13:00:00","guid":{"rendered":"https:\/\/sgvaimudar.com.br\/?p=16540"},"modified":"2024-12-05T09:07:12","modified_gmt":"2024-12-05T12:07:12","slug":"chuva-forte-complica-transito-e-causa-alagamentos-em-sao-goncalo-video","status":"publish","type":"post","link":"https:\/\/sgvaimudar.com.br\/index.php\/2024\/12\/05\/chuva-forte-complica-transito-e-causa-alagamentos-em-sao-goncalo-video\/","title":{"rendered":"Chuva forte complica tr\u00e2nsito e causa alagamentos em S\u00e3o Gon\u00e7alo; V\u00eddeo"},"content":{"rendered":"\n<p><em>De acordo com o ClimaTempo, o clima deve melhorar<\/em><\/p>\n\n\n\n<p>Um temporal no in\u00edcio da tarde desta quarta-feira (04\/12), em S\u00e3o Gon\u00e7alo, complicou o tr\u00e2nsito e causou alagamento em diversos pontos da cidade deixando a situa\u00e7\u00e3o\u00a0 complicada para quem tentou se deslocar. <\/p>\n\n\n\n<figure class=\"wp-block-video\"><video height=\"850\" style=\"aspect-ratio: 474 \/ 850;\" width=\"474\" controls src=\"https:\/\/sgvaimudar.com.br\/wp-content\/uploads\/2024\/12\/WhatsApp-Video-2024-12-04-at-10.08.36-1.mp4\"><\/video><\/figure>\n\n\n\n<p>No bairro Boa Vista, na Avenida Joaquim de Oliveira, por exemplo, o tr\u00e1fego ficou lento, com ve\u00edculos enfrentando dificuldades, enquanto bols\u00f5es de \u00e1gua que se formaram nas vias atingindo casas e com\u00e9rcios. <\/p>\n\n\n\n<p>Em outras \u00e1reas, como Mutu\u00e1, Alc\u00e2ntara e Trindade, tamb\u00e9m houve registro dos alagamentos, que tamb\u00e9m comprometem a mobilidade local. A previs\u00e3o do tempo informa que as chuvas devem dar um tempo a partir desta quinta-feira (5), com a volta do sol prevista para o final de semana. <\/p>\n\n\n\n<p>De acordo com o ClimaTempo, o clima deve melhorar, embora a umidade ainda seja alta, trazendo mais instabilidade durante a semana.<\/p>\n\n\n\n<p><strong>PREFEITURA <\/strong>&#8211; A Prefeitura de S\u00e3o Gon\u00e7alo disse que segue de prontid\u00e3o para atuar nas ruas atendendo a demandas da popula\u00e7\u00e3o que possam surgir em decorr\u00eancia das fortes chuvas.<\/p>\n\n\n\n<p>&#8220;Por determina\u00e7\u00e3o do prefeito Capit\u00e3o Nelson, equipes de v\u00e1rias secretarias j\u00e1 est\u00e3o de prontid\u00e3o para monitorar a cidade com plant\u00e3o refor\u00e7ado na Defesa Civil, secretarias de Conserva\u00e7\u00e3o, Desenvolvimento Urbano, Transportes e Assist\u00eancia Social, numa a\u00e7\u00e3o integrada para reduzir os poss\u00edveis impactos de chuvas e ventanias&#8221;, disse o Executivo na nota.<\/p>\n\n\n\n<p>Segundo a Prefeitura, o monitoramento na Central de Seguran\u00e7a de S\u00e3o Gon\u00e7alo (CSSG) segue refor\u00e7ado com equipes acompanhando em tempo real a situa\u00e7\u00e3o em toda a cidade, atrav\u00e9s das c\u00e2meras instaladas em pontos estrat\u00e9gicos. O prefeito Capit\u00e3o Nelson acompanha o trabalho tanto na Central quanto nas ruas.<\/p>\n\n\n\n<p>\u201cO monitoramento vai continuar sendo realizado 24 horas por dia, a fim de que possamos agir em tempo real no aux\u00edlio aos gon\u00e7alenses, caso necess\u00e1rio. Pudemos constatar que a cidade n\u00e3o registrou alagamentos nos pontos onde j\u00e1 realizamos obras de macrodrenagem e drenagem, com a \u00e1gua das chuvas escoando rapidamente. Seguiremos trabalhando para ampliar estas interven\u00e7\u00f5es em todo o munic\u00edpio\u201d, afirmou o prefeito.<\/p>\n\n\n\n<p><strong><em><sup>S\u00e3o Gon\u00e7alo Vai Mudar. O Maior Portal da Cidade.<\/sup><\/em><\/strong><\/p>\n\n\n\n<figure class=\"wp-block-image size-full\"><img decoding=\"async\" width=\"317\" height=\"111\" src=\"https:\/\/sgvaimudar.com.br\/wp-content\/uploads\/2023\/08\/Logo-Provisoria-2-2.png\" alt=\"\" class=\"wp-image-2781\" srcset=\"https:\/\/sgvaimudar.com.br\/wp-content\/uploads\/2023\/08\/Logo-Provisoria-2-2.png 317w, https:\/\/sgvaimudar.com.br\/wp-content\/uploads\/2023\/08\/Logo-Provisoria-2-2-300x105.png 300w\" sizes=\"(max-width: 317px) 100vw, 317px\" \/><\/figure>\n","protected":false},"excerpt":{"rendered":"<p>De acordo com o ClimaTempo, o clima deve melhorar Um temporal no in\u00edcio da tarde desta quarta-feira (04\/12), em S\u00e3o&hellip;<\/p>\n","protected":false},"author":5,"featured_media":16542,"comment_status":"open","ping_status":"open","sticky":false,"template":"","format":"standard","meta":{"fifu_image_url":"","fifu_image_alt":"","footnotes":""},"categories":[3],"tags":[],"class_list":["post-16540","post","type-post","status-publish","format-standard","has-post-thumbnail","hentry","category-sao-goncalo"],"_links":{"self":[{"href":"https:\/\/sgvaimudar.com.br\/index.php\/wp-json\/wp\/v2\/posts\/16540","targetHints":{"allow":["GET"]}}],"collection":[{"href":"https:\/\/sgvaimudar.com.br\/index.php\/wp-json\/wp\/v2\/posts"}],"about":[{"href":"https:\/\/sgvaimudar.com.br\/index.php\/wp-json\/wp\/v2\/types\/post"}],"author":[{"embeddable":true,"href":"https:\/\/sgvaimudar.com.br\/index.php\/wp-json\/wp\/v2\/users\/5"}],"replies":[{"embeddable":true,"href":"https:\/\/sgvaimudar.com.br\/index.php\/wp-json\/wp\/v2\/comments?post=16540"}],"version-history":[{"count":1,"href":"https:\/\/sgvaimudar.com.br\/index.php\/wp-json\/wp\/v2\/posts\/16540\/revisions"}],"predecessor-version":[{"id":16543,"href":"https:\/\/sgvaimudar.com.br\/index.php\/wp-json\/wp\/v2\/posts\/16540\/revisions\/16543"}],"wp:featuredmedia":[{"embeddable":true,"href":"https:\/\/sgvaimudar.com.br\/index.php\/wp-json\/wp\/v2\/media\/16542"}],"wp:attachment":[{"href":"https:\/\/sgvaimudar.com.br\/index.php\/wp-json\/wp\/v2\/media?parent=16540"}],"wp:term":[{"taxonomy":"category","embeddable":true,"href":"https:\/\/sgvaimudar.com.br\/index.php\/wp-json\/wp\/v2\/categories?post=16540"},{"taxonomy":"post_tag","embeddable":true,"href":"https:\/\/sgvaimudar.com.br\/index.php\/wp-json\/wp\/v2\/tags?post=16540"}],"curies":[{"name":"wp","href":"https:\/\/api.w.org\/{rel}","templated":true}]}}