{"id":16536,"date":"2024-12-05T09:01:00","date_gmt":"2024-12-05T12:01:00","guid":{"rendered":"https:\/\/sgvaimudar.com.br\/?p=16536"},"modified":"2024-12-05T08:37:12","modified_gmt":"2024-12-05T11:37:12","slug":"prefeito-capitao-nelson-celebra-aula-inaugural-do-curso-de-medicina-da-universo-no-teatro-municipal","status":"publish","type":"post","link":"https:\/\/sgvaimudar.com.br\/index.php\/2024\/12\/05\/prefeito-capitao-nelson-celebra-aula-inaugural-do-curso-de-medicina-da-universo-no-teatro-municipal\/","title":{"rendered":"Prefeito Capit\u00e3o Nelson celebra aula inaugural do curso de Medicina da Universo no Teatro Municipal"},"content":{"rendered":"\n<p><em>Chefe do Executivo disse que o munic\u00edpio est\u00e1 de portas abertas para esses novos m\u00e9dicos. Universit\u00e1rios poder\u00e3o fazer est\u00e1gio em unidades municipais de sa\u00fade<\/em><\/p>\n\n\n\n<p>O prefeito Capit\u00e3o Nelson, participou, na manh\u00e3 desta quarta-feira, da aula inaugural do primeiro curso de Medicina do munic\u00edpio de S\u00e3o Gon\u00e7alo, que ficou lotada, no Teatro Municipal de S\u00e3o Gon\u00e7alo. Na ocasi\u00e3o ele celebrou e disse que o in\u00edcio do curso, contribui para destacar o munic\u00edpio como um dos poucos a oferecer o estudo em todo o Estado do Rio.<\/p>\n\n\n\n<figure class=\"wp-block-image size-full\"><img fetchpriority=\"high\" decoding=\"async\" width=\"1024\" height=\"683\" src=\"https:\/\/sgvaimudar.com.br\/wp-content\/uploads\/2024\/12\/unnamed-4-4.jpg\" alt=\"\" class=\"wp-image-16537\" srcset=\"https:\/\/sgvaimudar.com.br\/wp-content\/uploads\/2024\/12\/unnamed-4-4.jpg 1024w, https:\/\/sgvaimudar.com.br\/wp-content\/uploads\/2024\/12\/unnamed-4-4-300x200.jpg 300w, https:\/\/sgvaimudar.com.br\/wp-content\/uploads\/2024\/12\/unnamed-4-4-768x512.jpg 768w\" sizes=\"(max-width: 1024px) 100vw, 1024px\" \/><\/figure>\n\n\n\n<p>&#8220;Esse curso \u00e9 uma conquista! Estou muito emocionado e dou as boas-vindas aos novos alunos. Quando iniciei o governo, t\u00ednhamos 108 unidades de sa\u00fade no munic\u00edpio, sendo que 23 deles n\u00e3o tinham m\u00e9dicos. Hoje, temos uma outra realidade. Mas, ainda h\u00e1 necessidade de contratar m\u00e9dicos&#8221;, afirmou o prefeito.<\/p>\n\n\n\n<p>O chefe do Executivo gon\u00e7alense disse esperar que todos os novos alunos se formem e continuem atuando pelo munic\u00edpio depois de formados, atuando com os novos equipamentos de sa\u00fade que conseguimos trazer para S\u00e3o Gon\u00e7alo, como o Hospital do C\u00e2ncer e do Cora\u00e7\u00e3o (HCCOR), que agora \u00e9 refer\u00eancia em sa\u00fade no Estado. <\/p>\n\n\n\n<p>&#8220;O munic\u00edpio est\u00e1 de portas abertas para esses novos m\u00e9dicos. Agrade\u00e7o \u00e0 fam\u00edlia Salgado de Oliveira por mais essa conquista!&#8221;, afirmou Capit\u00e3o Nelson.<\/p>\n\n\n\n<p>O curso vai acontecer no campus Trindade da Universidade Salgado de Oliveira (Universo), pioneira no ensino superior na cidade. Al\u00e9m do prefeito Capit\u00e3o Nelson, a solenidade contou com a  presen\u00e7a de representantes da universidade e dos 60 alunos inscritos nessa primeira turma.<\/p>\n\n\n\n<p>Atrav\u00e9s de um conv\u00eanio entre a Universo e a Prefeitura de S\u00e3o Gon\u00e7alo, os estagi\u00e1rios do curso oferecido na universidade ir\u00e3o atuar em Unidades B\u00e1sicas de Sa\u00fade (UBSs), hospitais e centros especializados. Al\u00e9m disso, as unidades de sa\u00fade municipais ser\u00e3o beneficiadas com investimentos em infraestrutura, equipamentos, contrata\u00e7\u00e3o de profissionais e resid\u00eancia m\u00e9dica.<\/p>\n\n\n\n<p>Para Jefferson Salgado de Oliveira, vice-presidente da Associa\u00e7\u00e3o Salgado de Oliveira de Educa\u00e7\u00e3o e Cultura (Asoec), mantenedora da Universo, o curso \u00e9 motivo de comemora\u00e7\u00e3o.<\/p>\n\n\n\n<p>&#8220;Hoje \u00e9 um marco para S\u00e3o Gon\u00e7alo, cidade onde meus pais come\u00e7aram suas vidas e onde eu fui criado. Tenho certeza de que os novos alunos v\u00e3o encontrar laborat\u00f3rios com equipamentos da melhor qualidade, n\u00e3o medimos esfor\u00e7os para montar essa infraestrutura em conjunto com o corpo docente. Vamos fazer uma medicina diferente e mais humanizada. S\u00e3o Gon\u00e7alo est\u00e1 de parab\u00e9ns, o prefeito Capit\u00e3o Nelson n\u00e3o mediu esfor\u00e7os para nos ajudar&#8221;, afirmou Jefferson.<\/p>\n\n\n\n<p>Ap\u00f3s o evento no Teatro, ainda nesta quarta-feira (4), os alunos do curso de Medicina seguiram para o campus da Trindade da Universo para iniciar as aulas na unidade de ensino.<\/p>\n\n\n\n<p>Quem est\u00e1 ansiosa para come\u00e7ar as aulas \u00e9 a jovem Carolina Brito, de 18 anos, uma das alunas. &#8220;Sempre foi meu sonho cursar Medicina, sempre achei uma profiss\u00e3o muito bonita. Gosto de neurologia e dermatologia, mas ainda n\u00e3o decidi em que vou me especializar. Mas, come\u00e7ar esse curso \u00e9 a realiza\u00e7\u00e3o de um sonho e uma oportunidade, j\u00e1 que s\u00f3 havia cursos desse tipo no Rio de Janeiro, mas aqui, para mim, \u00e9 muito f\u00e1cil de chegar e estou muito animada&#8221;, disse a estudante.<\/p>\n\n\n\n<p>Tamb\u00e9m estiveram presentes \u00e0 aula inaugural o chefe de Gabinete da Prefeitura, Rodrigo Torregrosa Oliveira; o secret\u00e1rio municipal de Governo, F\u00e1bio Vianna de Ara\u00fajo; o secret\u00e1rio de Desenvolvimento Econ\u00f4mico, Eug\u00eanio Abreu; a professora Ja\u00edna dos Santos Mello, reitora da Universo; F\u00e1bio Tavares, diretor da Universo Campus S\u00e3o Gon\u00e7alo; Gabrielle Piaz Salgado de Oliveira, diretora de avalia\u00e7\u00e3o institucional da Universo; e o Dr. Raphael Riodades, coordenador do internato do curso de Medicina da Universo e diretor do Hospital Estadual Alberto Torres (Heat).<\/p>\n\n\n\n<p><em>Fotos: Fabio Guimar\u00e3es<\/em><\/p>\n\n\n\n<p><strong><em><sup>S\u00e3o Gon\u00e7alo Vai Mudar. O Maior Portal da Cidade.<\/sup><\/em><\/strong><\/p>\n\n\n\n<figure class=\"wp-block-image size-full\"><img decoding=\"async\" width=\"250\" height=\"87\" src=\"https:\/\/sgvaimudar.com.br\/wp-content\/uploads\/2023\/08\/cropped-Logo.png\" alt=\"\" class=\"wp-image-2739\" \/><\/figure>\n","protected":false},"excerpt":{"rendered":"<p>Chefe do Executivo disse que o munic\u00edpio est\u00e1 de portas abertas para esses novos m\u00e9dicos. Universit\u00e1rios poder\u00e3o fazer est\u00e1gio em&hellip;<\/p>\n","protected":false},"author":5,"featured_media":16538,"comment_status":"open","ping_status":"open","sticky":false,"template":"","format":"standard","meta":{"fifu_image_url":"","fifu_image_alt":"","footnotes":""},"categories":[3],"tags":[],"class_list":["post-16536","post","type-post","status-publish","format-standard","has-post-thumbnail","hentry","category-sao-goncalo"],"_links":{"self":[{"href":"https:\/\/sgvaimudar.com.br\/index.php\/wp-json\/wp\/v2\/posts\/16536","targetHints":{"allow":["GET"]}}],"collection":[{"href":"https:\/\/sgvaimudar.com.br\/index.php\/wp-json\/wp\/v2\/posts"}],"about":[{"href":"https:\/\/sgvaimudar.com.br\/index.php\/wp-json\/wp\/v2\/types\/post"}],"author":[{"embeddable":true,"href":"https:\/\/sgvaimudar.com.br\/index.php\/wp-json\/wp\/v2\/users\/5"}],"replies":[{"embeddable":true,"href":"https:\/\/sgvaimudar.com.br\/index.php\/wp-json\/wp\/v2\/comments?post=16536"}],"version-history":[{"count":1,"href":"https:\/\/sgvaimudar.com.br\/index.php\/wp-json\/wp\/v2\/posts\/16536\/revisions"}],"predecessor-version":[{"id":16539,"href":"https:\/\/sgvaimudar.com.br\/index.php\/wp-json\/wp\/v2\/posts\/16536\/revisions\/16539"}],"wp:featuredmedia":[{"embeddable":true,"href":"https:\/\/sgvaimudar.com.br\/index.php\/wp-json\/wp\/v2\/media\/16538"}],"wp:attachment":[{"href":"https:\/\/sgvaimudar.com.br\/index.php\/wp-json\/wp\/v2\/media?parent=16536"}],"wp:term":[{"taxonomy":"category","embeddable":true,"href":"https:\/\/sgvaimudar.com.br\/index.php\/wp-json\/wp\/v2\/categories?post=16536"},{"taxonomy":"post_tag","embeddable":true,"href":"https:\/\/sgvaimudar.com.br\/index.php\/wp-json\/wp\/v2\/tags?post=16536"}],"curies":[{"name":"wp","href":"https:\/\/api.w.org\/{rel}","templated":true}]}}