{"id":16488,"date":"2024-12-04T15:00:00","date_gmt":"2024-12-04T18:00:00","guid":{"rendered":"https:\/\/sgvaimudar.com.br\/?p=16488"},"modified":"2024-12-04T11:55:53","modified_gmt":"2024-12-04T14:55:53","slug":"parlamento-juvenil-destaca-projetos-inovadores-com-foco-em-inclusao-e-saude-mental","status":"publish","type":"post","link":"https:\/\/sgvaimudar.com.br\/index.php\/2024\/12\/04\/parlamento-juvenil-destaca-projetos-inovadores-com-foco-em-inclusao-e-saude-mental\/","title":{"rendered":"Parlamento Juvenil destaca projetos inovadores com foco em inclus\u00e3o e sa\u00fade mental"},"content":{"rendered":"\n<p><em>V\u00e1rios projetos foram apresentados pelos estudantes <\/em><\/p>\n\n\n\n<p>A 15\u00aa edi\u00e7\u00e3o do Parlamento Juvenil da Assembleia Legislativa do Rio de Janeiro (Alerj), realizada em parceria com a Secretaria Estadual de Educa\u00e7\u00e3o, se encerrou na \u00faltima sexta-feira (29). Entre os 63 projetos de lei apresentados por estudantes de diversas regi\u00f5es do estado, pelo menos seis focaram na depress\u00e3o como tema central. As propostas inclu\u00edram a cria\u00e7\u00e3o de programas de apoio psicosocioemocional, campanhas de conscientiza\u00e7\u00e3o nas escolas e a institui\u00e7\u00e3o de uma semana dedicada ao combate \u00e0 depress\u00e3o.<\/p>\n\n\n\n<p>O coordenador do projeto, deputado estadual Danniel Librelon, destacou que os projetos que n\u00e3o foram votados na sess\u00e3o de encerramento ainda podem ser analisados por sua equipe no Legislativo e protocolados para tramita\u00e7\u00e3o na Alerj.<\/p>\n\n\n\n<p>Entre as propostas, o estudante Kelvin Valle, representante de Petr\u00f3polis, apresentou um projeto que busca instituir no calend\u00e1rio estadual a Semana de Conscientiza\u00e7\u00e3o, Combate e Preven\u00e7\u00e3o \u00e0 Depress\u00e3o. Segundo Kelvin, sua motiva\u00e7\u00e3o veio de um epis\u00f3dio com um amigo, que tentou suic\u00eddio.<\/p>\n\n\n\n<p>\u201cPropus alterar a Lei n\u00ba 7.711\/2017 para ampliar seu alcance, levando a\u00e7\u00f5es como workshops para escolas durante o m\u00eas de preven\u00e7\u00e3o ao suic\u00eddio, em setembro. Minha motiva\u00e7\u00e3o veio da experi\u00eancia pessoal com um amigo que tentou suic\u00eddio e dados alarmantes da OMS, que mostram o suic\u00eddio como uma das principais causas de morte entre jovens. Minha maior motiva\u00e7\u00e3o \u00e9 salvar vidas, pois n\u00e3o consigo imaginar perder algu\u00e9m querido por essa causa. Agrade\u00e7o a Deus pela oportunidade de representar minha cidade no Parlamento Juvenil, ao deputado Danniel Librelon e sua equipe, especialmente Nat\u00e1lia Toledo e D\u00e9bora Pensabem, e aos monitores e equipe de comunica\u00e7\u00e3o pelo apoio durante essa jornada\u201d, destacou o estudante.<\/p>\n\n\n\n<p>O projeto de Kelvin foi um dos nove selecionados para vota\u00e7\u00e3o na sess\u00e3o de encerramento. Ele afirmou que pretende levar a iniciativa para sua cidade, para oferecer \u00e0s crian\u00e7as e jovens uma chance maior de superar a ansiedade e a depress\u00e3o.<\/p>\n\n\n\n<p>Outro destaque foi o projeto da deputada juvenil Lorenna Ferreira, de Sumidouro, que assegura \u00e0s pessoas com defici\u00eancia o direito \u00e0 acessibilidade plena em aplicativos de transporte de passageiros no estado do Rio de Janeiro. Lorenna justificou sua proposta com dados alarmantes: 79% das pessoas com defici\u00eancia entrevistadas j\u00e1 perderam compromissos devido \u00e0 falta de acessibilidade nos trajetos.<\/p>\n\n\n\n<p>J\u00e1 Mariana Regly, de Cantagalo, apresentou um projeto que institui o Programa de Combate ao Analfabetismo Digital, buscando democratizar o acesso \u00e0s tecnologias e reduzir desigualdades sociais. Mariana destacou que a inclus\u00e3o digital \u00e9 essencial para superar barreiras econ\u00f4micas e sociais.<\/p>\n\n\n\n<p>Bruna da Cruz Coelho, representante do Rio de Janeiro, prop\u00f4s alterar a Lei n\u00ba 7270\/2016 para instituir o Dia de Dandara e da Consci\u00eancia da Mulher Negra, comemorado anualmente em 6 de fevereiro. A proposta inclui atividades em institui\u00e7\u00f5es p\u00fablicas e privadas, al\u00e9m de abordar a import\u00e2ncia de Dandara e da mulher negra nos curr\u00edculos escolares.<\/p>\n\n\n\n<p>Por fim, Isabelly Gomes, de Itaocara, apresentou o Programa de Incentivo \u00e0 Redu\u00e7\u00e3o de Demandas Reprimidas e Amplia\u00e7\u00e3o do Acesso ao Atendimento Especializado (PRDAAE), com o objetivo de otimizar os servi\u00e7os de sa\u00fade e reduzir as filas de espera no SUS.<\/p>\n\n\n\n<p>A diversidade de ideias dessa edi\u00e7\u00e3o do Parlamento Juvenil demonstra o engajamento dos jovens fluminenses em propor solu\u00e7\u00f5es para quest\u00f5es sociais e estruturais, refor\u00e7ando a relev\u00e2ncia do protagonismo estudantil na constru\u00e7\u00e3o de pol\u00edticas p\u00fablicas.<\/p>\n\n\n\n<p><strong><em><sup>S\u00e3o Gon\u00e7alo Vai Mudar. O Maior Portal da Cidade.<\/sup><\/em><\/strong><\/p>\n\n\n\n<figure class=\"wp-block-image size-full\"><img decoding=\"async\" width=\"250\" height=\"87\" src=\"https:\/\/sgvaimudar.com.br\/wp-content\/uploads\/2023\/08\/cropped-Logo.png\" alt=\"\" class=\"wp-image-2739\" \/><\/figure>\n","protected":false},"excerpt":{"rendered":"<p>V\u00e1rios projetos foram apresentados pelos estudantes A 15\u00aa edi\u00e7\u00e3o do Parlamento Juvenil da Assembleia Legislativa do Rio de Janeiro (Alerj),&hellip;<\/p>\n","protected":false},"author":5,"featured_media":16489,"comment_status":"open","ping_status":"open","sticky":false,"template":"","format":"standard","meta":{"fifu_image_url":"","fifu_image_alt":"","footnotes":""},"categories":[4],"tags":[],"class_list":["post-16488","post","type-post","status-publish","format-standard","has-post-thumbnail","hentry","category-brasil"],"_links":{"self":[{"href":"https:\/\/sgvaimudar.com.br\/index.php\/wp-json\/wp\/v2\/posts\/16488","targetHints":{"allow":["GET"]}}],"collection":[{"href":"https:\/\/sgvaimudar.com.br\/index.php\/wp-json\/wp\/v2\/posts"}],"about":[{"href":"https:\/\/sgvaimudar.com.br\/index.php\/wp-json\/wp\/v2\/types\/post"}],"author":[{"embeddable":true,"href":"https:\/\/sgvaimudar.com.br\/index.php\/wp-json\/wp\/v2\/users\/5"}],"replies":[{"embeddable":true,"href":"https:\/\/sgvaimudar.com.br\/index.php\/wp-json\/wp\/v2\/comments?post=16488"}],"version-history":[{"count":1,"href":"https:\/\/sgvaimudar.com.br\/index.php\/wp-json\/wp\/v2\/posts\/16488\/revisions"}],"predecessor-version":[{"id":16490,"href":"https:\/\/sgvaimudar.com.br\/index.php\/wp-json\/wp\/v2\/posts\/16488\/revisions\/16490"}],"wp:featuredmedia":[{"embeddable":true,"href":"https:\/\/sgvaimudar.com.br\/index.php\/wp-json\/wp\/v2\/media\/16489"}],"wp:attachment":[{"href":"https:\/\/sgvaimudar.com.br\/index.php\/wp-json\/wp\/v2\/media?parent=16488"}],"wp:term":[{"taxonomy":"category","embeddable":true,"href":"https:\/\/sgvaimudar.com.br\/index.php\/wp-json\/wp\/v2\/categories?post=16488"},{"taxonomy":"post_tag","embeddable":true,"href":"https:\/\/sgvaimudar.com.br\/index.php\/wp-json\/wp\/v2\/tags?post=16488"}],"curies":[{"name":"wp","href":"https:\/\/api.w.org\/{rel}","templated":true}]}}