{"id":16470,"date":"2024-12-04T12:01:00","date_gmt":"2024-12-04T15:01:00","guid":{"rendered":"https:\/\/sgvaimudar.com.br\/?p=16470"},"modified":"2024-12-04T11:16:57","modified_gmt":"2024-12-04T14:16:57","slug":"obras-da-ciclorrota-transformam-as-calcadas-dos-bairros-galo-branco-e-rocha","status":"publish","type":"post","link":"https:\/\/sgvaimudar.com.br\/index.php\/2024\/12\/04\/obras-da-ciclorrota-transformam-as-calcadas-dos-bairros-galo-branco-e-rocha\/","title":{"rendered":"Obras da ciclorrota transformam as cal\u00e7adas dos bairros Galo Branco e Rocha"},"content":{"rendered":"\n<p><em>Ciclistas ganhar\u00e3o \u00e1rea exclusiva de 4,4 quil\u00f4metros de extens\u00e3o<\/em><\/p>\n\n\n\n<p>As obras da ciclorrota transformam a Avenida Jornalista Roberto Marinho, nos bairros do Galo Branco e do Rocha. Nesta segunda-feira (2), foram revitalizadas as cal\u00e7adas na via em ambos os bairros. A obra \u00e9 executada pela Secretaria de Estado das Cidades, do Governo do Estado, em parceria com a Prefeitura de S\u00e3o Gon\u00e7alo. <\/p>\n\n\n\n<figure class=\"wp-block-image size-full\"><img fetchpriority=\"high\" decoding=\"async\" width=\"1024\" height=\"683\" src=\"https:\/\/sgvaimudar.com.br\/wp-content\/uploads\/2024\/12\/unnamed-5-1.jpg\" alt=\"\" class=\"wp-image-16471\" srcset=\"https:\/\/sgvaimudar.com.br\/wp-content\/uploads\/2024\/12\/unnamed-5-1.jpg 1024w, https:\/\/sgvaimudar.com.br\/wp-content\/uploads\/2024\/12\/unnamed-5-1-300x200.jpg 300w, https:\/\/sgvaimudar.com.br\/wp-content\/uploads\/2024\/12\/unnamed-5-1-768x512.jpg 768w\" sizes=\"(max-width: 1024px) 100vw, 1024px\" \/><\/figure>\n\n\n\n<p>A ciclorrota ir\u00e1 formar uma \u00e1rea exclusiva para ciclistas de 4,4 quil\u00f4metros de extens\u00e3o, ligando a Pra\u00e7a Get\u00falio Vargas, no Rocha, at\u00e9 a Pra\u00e7a Chico Mendes, no Raul Veiga.<\/p>\n\n\n\n<p>Nesse primeiro momento, est\u00e3o sendo feitas as novas cal\u00e7adas por todo o percurso onde a ciclorrota passar\u00e1. Essas novas cal\u00e7adas possuem um padr\u00e3o de altura e rampas de acessibilidade para pessoas com defici\u00eancia (PcDs). As novas cal\u00e7adas t\u00eam o padr\u00e3o de altura de 15 cent\u00edmetros (com exce\u00e7\u00e3o de frentes de loja, onde as cal\u00e7adas ter\u00e3o cinco cent\u00edmetros, e garagens). Antes desse padr\u00e3o, as cal\u00e7adas do local tinham diversas alturas.<\/p>\n\n\n\n<p>Quem celebra as mudan\u00e7as causadas pelas obras s\u00e3o os gon\u00e7alenses. \u00c9 o caso do dono de oficina Andr\u00e9 Peclat, de 46 anos. A oficina dele fica no caminho onde a ciclorrota passar\u00e1, no Galo Branco. Ele trabalha no local h\u00e1 24 anos. &#8220;Acho um projeto bom. O que tenho certeza \u00e9 que a cal\u00e7ada est\u00e1 melhor, est\u00e1 com um padr\u00e3o, melhor para os cadeirantes e idosos circularem por aqui; antes eu via as pessoas com mais dificuldade para andarem por aqui. Acho a ideia da ciclovia legal tamb\u00e9m, vai incentivar mais ainda a popula\u00e7\u00e3o&#8221;, afirmou.<\/p>\n\n\n\n<p>Depois das novas cal\u00e7adas, ser\u00e1 feita a ciclovia. O projeto foi criado pela Secretaria Municipal de Gest\u00e3o Integrada e Projetos Especiais (Semgipe). Uma parte da ciclorrota j\u00e1 foi conclu\u00edda na \u00e1rea em frente \u00e0 Arena S\u00e3o Gon\u00e7alo. O projeto prev\u00ea a mudan\u00e7a da paisagem local, incentiva o uso de bicicletas e a diminui\u00e7\u00e3o da emiss\u00e3o de gases poluentes, al\u00e9m do reordenamento do tr\u00e2nsito.<\/p>\n\n\n\n<p><em>Fotos: Fabio Guimar\u00e3es<\/em><\/p>\n\n\n\n<p><strong><em><sup>S\u00e3o Gon\u00e7alo Vai Mudar. O Maior Portal da Cidade.<\/sup><\/em><\/strong><\/p>\n\n\n\n<figure class=\"wp-block-image size-full\"><img decoding=\"async\" width=\"250\" height=\"87\" src=\"https:\/\/sgvaimudar.com.br\/wp-content\/uploads\/2023\/08\/cropped-Logo.png\" alt=\"\" class=\"wp-image-2739\" \/><\/figure>\n\n\n\n<p> <\/p>\n","protected":false},"excerpt":{"rendered":"<p>Ciclistas ganhar\u00e3o \u00e1rea exclusiva de 4,4 quil\u00f4metros de extens\u00e3o As obras da ciclorrota transformam a Avenida Jornalista Roberto Marinho, nos&hellip;<\/p>\n","protected":false},"author":5,"featured_media":16472,"comment_status":"open","ping_status":"open","sticky":false,"template":"","format":"standard","meta":{"fifu_image_url":"","fifu_image_alt":"","footnotes":""},"categories":[3],"tags":[],"class_list":["post-16470","post","type-post","status-publish","format-standard","has-post-thumbnail","hentry","category-sao-goncalo"],"_links":{"self":[{"href":"https:\/\/sgvaimudar.com.br\/index.php\/wp-json\/wp\/v2\/posts\/16470","targetHints":{"allow":["GET"]}}],"collection":[{"href":"https:\/\/sgvaimudar.com.br\/index.php\/wp-json\/wp\/v2\/posts"}],"about":[{"href":"https:\/\/sgvaimudar.com.br\/index.php\/wp-json\/wp\/v2\/types\/post"}],"author":[{"embeddable":true,"href":"https:\/\/sgvaimudar.com.br\/index.php\/wp-json\/wp\/v2\/users\/5"}],"replies":[{"embeddable":true,"href":"https:\/\/sgvaimudar.com.br\/index.php\/wp-json\/wp\/v2\/comments?post=16470"}],"version-history":[{"count":1,"href":"https:\/\/sgvaimudar.com.br\/index.php\/wp-json\/wp\/v2\/posts\/16470\/revisions"}],"predecessor-version":[{"id":16473,"href":"https:\/\/sgvaimudar.com.br\/index.php\/wp-json\/wp\/v2\/posts\/16470\/revisions\/16473"}],"wp:featuredmedia":[{"embeddable":true,"href":"https:\/\/sgvaimudar.com.br\/index.php\/wp-json\/wp\/v2\/media\/16472"}],"wp:attachment":[{"href":"https:\/\/sgvaimudar.com.br\/index.php\/wp-json\/wp\/v2\/media?parent=16470"}],"wp:term":[{"taxonomy":"category","embeddable":true,"href":"https:\/\/sgvaimudar.com.br\/index.php\/wp-json\/wp\/v2\/categories?post=16470"},{"taxonomy":"post_tag","embeddable":true,"href":"https:\/\/sgvaimudar.com.br\/index.php\/wp-json\/wp\/v2\/tags?post=16470"}],"curies":[{"name":"wp","href":"https:\/\/api.w.org\/{rel}","templated":true}]}}