{"id":16457,"date":"2024-12-04T12:00:00","date_gmt":"2024-12-04T15:00:00","guid":{"rendered":"https:\/\/sgvaimudar.com.br\/?p=16457"},"modified":"2024-12-04T10:50:48","modified_gmt":"2024-12-04T13:50:48","slug":"jovem-tem-dedos-arrancados-pelo-tribunal-do-trafico-em-sg","status":"publish","type":"post","link":"https:\/\/sgvaimudar.com.br\/index.php\/2024\/12\/04\/jovem-tem-dedos-arrancados-pelo-tribunal-do-trafico-em-sg\/","title":{"rendered":"Jovem tem dedos arrancados pelo &#8216;tribunal&#8217; do tr\u00e1fico em SG"},"content":{"rendered":"\n<p><em>V\u00edtima tamb\u00e9m foi baleada em outra m\u00e3o<\/em><\/p>\n\n\n\n<p>Depois de um caso semelhante de um idoso no Jardim Catarina, agora foi a vez de um jovem, de 24 anos, ter os dedos da m\u00e3o direita arrancados por traficantes no bairro Zumbi, tamb\u00e9m em S\u00e3o Gon\u00e7alo, Regi\u00e3o Metropolitana do Rio. O caso aconteceu na noite desta segunda-feira (2).<\/p>\n\n\n\n<p>Segundo a Pol\u00edcia Militar, agentes do 7\u00b0 BPM (Alc\u00e2ntara) foram acionados para o Hospital Estadual Alberto Torres (Heat), no Coluband\u00ea, para verificar v\u00edtima de tiros, quando no local confirmaram, por informa\u00e7\u00f5es, que a v\u00edtima teria sido &#8220;punida&#8221; pelos traficantes por estar roubando no bairro Zumbi.<\/p>\n\n\n\n<p>Ainda segundo a PM, o jovem tamb\u00e9m teve a m\u00e3o esquerda, est\u00e1 sendo submetida a cirurgia no Heat e o seu estado de sa\u00fade \u00e9 est\u00e1vel. N\u00e3o foi informado, no entanto, em qual delegacia o caso foi registrado.<\/p>\n\n\n\n<p><strong>IDOSO <\/strong>&#8211; No in\u00edcio do m\u00eas de novembro, um idoso, de 61 anos, foi agredido e teve todos os dedos da m\u00e3o esquerda arrancados por criminosos no bairro Jardim Catarina, em S\u00e3o Gon\u00e7alo. Segundo relatos, a agress\u00e3o ocorreu ap\u00f3s suspeita do homem ter abusado sexualmente de uma neta.<\/p>\n\n\n\n<p>O homem foi socorrido e encaminhado ao Hospital Estadual Alberto Torres (Heat), no Coluband\u00ea, onde recebeu atendimento m\u00e9dico de urg\u00eancia e permaneceu preso sob cust\u00f3dia.<\/p>\n\n\n\n<p><em>Fonte: Enfoco<\/em><\/p>\n\n\n\n<figure class=\"wp-block-image size-full\"><img decoding=\"async\" width=\"251\" height=\"88\" src=\"https:\/\/sgvaimudar.com.br\/wp-content\/uploads\/2023\/08\/Logo.png\" alt=\"\" class=\"wp-image-2738\" \/><\/figure>\n","protected":false},"excerpt":{"rendered":"<p>V\u00edtima tamb\u00e9m foi baleada em outra m\u00e3o Depois de um caso semelhante de um idoso no Jardim Catarina, agora foi&hellip;<\/p>\n","protected":false},"author":5,"featured_media":0,"comment_status":"open","ping_status":"open","sticky":false,"template":"","format":"standard","meta":{"fifu_image_url":"","fifu_image_alt":"","footnotes":""},"categories":[32],"tags":[],"class_list":["post-16457","post","type-post","status-publish","format-standard","hentry","category-casos-de-policia"],"_links":{"self":[{"href":"https:\/\/sgvaimudar.com.br\/index.php\/wp-json\/wp\/v2\/posts\/16457","targetHints":{"allow":["GET"]}}],"collection":[{"href":"https:\/\/sgvaimudar.com.br\/index.php\/wp-json\/wp\/v2\/posts"}],"about":[{"href":"https:\/\/sgvaimudar.com.br\/index.php\/wp-json\/wp\/v2\/types\/post"}],"author":[{"embeddable":true,"href":"https:\/\/sgvaimudar.com.br\/index.php\/wp-json\/wp\/v2\/users\/5"}],"replies":[{"embeddable":true,"href":"https:\/\/sgvaimudar.com.br\/index.php\/wp-json\/wp\/v2\/comments?post=16457"}],"version-history":[{"count":1,"href":"https:\/\/sgvaimudar.com.br\/index.php\/wp-json\/wp\/v2\/posts\/16457\/revisions"}],"predecessor-version":[{"id":16458,"href":"https:\/\/sgvaimudar.com.br\/index.php\/wp-json\/wp\/v2\/posts\/16457\/revisions\/16458"}],"wp:attachment":[{"href":"https:\/\/sgvaimudar.com.br\/index.php\/wp-json\/wp\/v2\/media?parent=16457"}],"wp:term":[{"taxonomy":"category","embeddable":true,"href":"https:\/\/sgvaimudar.com.br\/index.php\/wp-json\/wp\/v2\/categories?post=16457"},{"taxonomy":"post_tag","embeddable":true,"href":"https:\/\/sgvaimudar.com.br\/index.php\/wp-json\/wp\/v2\/tags?post=16457"}],"curies":[{"name":"wp","href":"https:\/\/api.w.org\/{rel}","templated":true}]}}