{"id":16404,"date":"2024-12-03T14:01:00","date_gmt":"2024-12-03T17:01:00","guid":{"rendered":"https:\/\/sgvaimudar.com.br\/?p=16404"},"modified":"2024-12-03T11:33:15","modified_gmt":"2024-12-03T14:33:15","slug":"corrida-para-promover-natal-solidario-a-familias-em-vulnerabilidade-social-reune-centenas-de-pessoas-na-orla-de-itaipuacu","status":"publish","type":"post","link":"https:\/\/sgvaimudar.com.br\/index.php\/2024\/12\/03\/corrida-para-promover-natal-solidario-a-familias-em-vulnerabilidade-social-reune-centenas-de-pessoas-na-orla-de-itaipuacu\/","title":{"rendered":"Corrida para promover Natal Solid\u00e1rio a fam\u00edlias em vulnerabilidade social re\u00fane centenas de pessoas na Orla de Itaipua\u00e7u"},"content":{"rendered":"\n<p><em>Organizado pelo Instituto Singular Ideias Inovadoras, evento arrecadou verba para compra de brinquedos e cestas b\u00e1sicas<\/em><\/p>\n\n\n\n<p>A 2\u00aa Edi\u00e7\u00e3o da Corrida para o Bem, do Instituto Singular Ideias Inovadoras (ISII), arrecadou R$ 10 mil e agora vai conseguir proporcionar um Natal mais digno e acolhedor para in\u00fameras fam\u00edlias em situa\u00e7\u00e3o de vulnerabilidade social em Maric\u00e1, gra\u00e7as \u00e0 ades\u00e3o de centenas de pessoas que se inscreveram para correr na Orla de Itaipua\u00e7u, na manh\u00e3 deste domingo, dia 1\u00b0 de dezembro.<\/p>\n\n\n\n<figure class=\"wp-block-image size-large\"><img fetchpriority=\"high\" decoding=\"async\" width=\"683\" height=\"1024\" src=\"https:\/\/sgvaimudar.com.br\/wp-content\/uploads\/2024\/12\/WhatsApp-Image-2024-12-02-at-14.34.16-683x1024.jpeg\" alt=\"\" class=\"wp-image-16405\" srcset=\"https:\/\/sgvaimudar.com.br\/wp-content\/uploads\/2024\/12\/WhatsApp-Image-2024-12-02-at-14.34.16-683x1024.jpeg 683w, https:\/\/sgvaimudar.com.br\/wp-content\/uploads\/2024\/12\/WhatsApp-Image-2024-12-02-at-14.34.16-200x300.jpeg 200w, https:\/\/sgvaimudar.com.br\/wp-content\/uploads\/2024\/12\/WhatsApp-Image-2024-12-02-at-14.34.16-768x1152.jpeg 768w, https:\/\/sgvaimudar.com.br\/wp-content\/uploads\/2024\/12\/WhatsApp-Image-2024-12-02-at-14.34.16-1024x1536.jpeg 1024w, https:\/\/sgvaimudar.com.br\/wp-content\/uploads\/2024\/12\/WhatsApp-Image-2024-12-02-at-14.34.16.jpeg 1067w\" sizes=\"(max-width: 683px) 100vw, 683px\" \/><\/figure>\n\n\n\n<p>A iniciativa, que integra esporte, solidariedade e sustentabilidade em uma \u00fanica causa, \u00e9 promovida pelo Instituto que \u00e9 uma organiza\u00e7\u00e3o comprometida com o desenvolvimento social, inova\u00e7\u00e3o e pr\u00e1ticas sustent\u00e1veis.<\/p>\n\n\n\n<p>A psic\u00f3loga e professora Priscila C\u00e2mara de Castro Abreu Pinto, 34 anos, ficou sabendo da corrida dois dias antes.<\/p>\n\n\n\n<p>&#8220;Foi uma loucura para conseguir me inscrever. Soube pelo Instagram e queria muito poder contribuir com o Natal de muita gente e, claro, correr na Orla de Itaipua\u00e7u, que \u00e9 o meu quintal. Consegui as \u00faltimas vagas&#8221;, contou Abreu.<\/p>\n\n\n\n<p>&#8220;Adorei a organiza\u00e7\u00e3o, foi impec\u00e1vel e pontual. Minha expectativa era dar o meu melhor e tentar chegar perto do p\u00f3dio. Fiquei muito feliz com o meu desempenho&#8221;, comemorou Priscila, que levou o filho Gabriel, 3, para levantar o trof\u00e9u de segundo lugar.<\/p>\n\n\n\n<p>A administradora Fernanda Muniz Goulart Pereira, 38, conquistou o primeiro lugar.<\/p>\n\n\n\n<p>&#8220;Estava com expectativa de pegar o p\u00f3dio, mas n\u00e3o em primeiro. Sou f\u00e3 de corridas longas, mas foi um desafio muito gostoso&#8221;, revelou a administradora.<\/p>\n\n\n\n<p>&#8220;Participei da primeira corrida e j\u00e1 sigo o Instagram do evento. Fiz quest\u00e3o de participar para apoiar a causa e correr dentro de casa n\u00e3o tem pre\u00e7o, principalmente porque a Orla de Itaipua\u00e7u \u00e9 um local maravilhoso&#8221;, destacou Fernanda.<\/p>\n\n\n\n<p>A presidente do ISII, Mirka Gerolimich, mais uma vez festejou o sucesso do evento.<\/p>\n\n\n\n<p>\u201cMais do que um evento esportivo, a Corrida para o Bem \u00e9 um movimento por um mundo mais saud\u00e1vel e sustent\u00e1vel. A iniciativa combina esporte, sa\u00fade e solidariedade, trazendo alegria e esperan\u00e7a para muitas fam\u00edlias neste Natal, enquanto promovemos a conscientiza\u00e7\u00e3o ambiental e a esperan\u00e7a de um futuro mais sustent\u00e1vel\u201d, ressaltou Mirka.<\/p>\n\n\n\n<p><strong><em>S\u00e3o Gon\u00e7alo Vai Mudar. O Maior Portal da Cidade.<\/em><\/strong><\/p>\n\n\n\n<figure class=\"wp-block-image size-full\"><img decoding=\"async\" width=\"250\" height=\"87\" src=\"https:\/\/sgvaimudar.com.br\/wp-content\/uploads\/2023\/08\/cropped-Logo.png\" alt=\"\" class=\"wp-image-2739\" \/><\/figure>\n\n\n\n<p><\/p>\n","protected":false},"excerpt":{"rendered":"<p>Organizado pelo Instituto Singular Ideias Inovadoras, evento arrecadou verba para compra de brinquedos e cestas b\u00e1sicas A 2\u00aa Edi\u00e7\u00e3o da&hellip;<\/p>\n","protected":false},"author":5,"featured_media":16406,"comment_status":"open","ping_status":"open","sticky":false,"template":"","format":"standard","meta":{"fifu_image_url":"","fifu_image_alt":"","footnotes":""},"categories":[5],"tags":[],"class_list":["post-16404","post","type-post","status-publish","format-standard","has-post-thumbnail","hentry","category-esportes"],"_links":{"self":[{"href":"https:\/\/sgvaimudar.com.br\/index.php\/wp-json\/wp\/v2\/posts\/16404","targetHints":{"allow":["GET"]}}],"collection":[{"href":"https:\/\/sgvaimudar.com.br\/index.php\/wp-json\/wp\/v2\/posts"}],"about":[{"href":"https:\/\/sgvaimudar.com.br\/index.php\/wp-json\/wp\/v2\/types\/post"}],"author":[{"embeddable":true,"href":"https:\/\/sgvaimudar.com.br\/index.php\/wp-json\/wp\/v2\/users\/5"}],"replies":[{"embeddable":true,"href":"https:\/\/sgvaimudar.com.br\/index.php\/wp-json\/wp\/v2\/comments?post=16404"}],"version-history":[{"count":1,"href":"https:\/\/sgvaimudar.com.br\/index.php\/wp-json\/wp\/v2\/posts\/16404\/revisions"}],"predecessor-version":[{"id":16407,"href":"https:\/\/sgvaimudar.com.br\/index.php\/wp-json\/wp\/v2\/posts\/16404\/revisions\/16407"}],"wp:featuredmedia":[{"embeddable":true,"href":"https:\/\/sgvaimudar.com.br\/index.php\/wp-json\/wp\/v2\/media\/16406"}],"wp:attachment":[{"href":"https:\/\/sgvaimudar.com.br\/index.php\/wp-json\/wp\/v2\/media?parent=16404"}],"wp:term":[{"taxonomy":"category","embeddable":true,"href":"https:\/\/sgvaimudar.com.br\/index.php\/wp-json\/wp\/v2\/categories?post=16404"},{"taxonomy":"post_tag","embeddable":true,"href":"https:\/\/sgvaimudar.com.br\/index.php\/wp-json\/wp\/v2\/tags?post=16404"}],"curies":[{"name":"wp","href":"https:\/\/api.w.org\/{rel}","templated":true}]}}