{"id":16369,"date":"2024-12-03T11:00:00","date_gmt":"2024-12-03T14:00:00","guid":{"rendered":"https:\/\/sgvaimudar.com.br\/?p=16369"},"modified":"2024-12-03T09:35:54","modified_gmt":"2024-12-03T12:35:54","slug":"tragedia-um-morto-e-dois-feridos-em-grave-acidente-na-br-101-em-sao-goncalo","status":"publish","type":"post","link":"https:\/\/sgvaimudar.com.br\/index.php\/2024\/12\/03\/tragedia-um-morto-e-dois-feridos-em-grave-acidente-na-br-101-em-sao-goncalo\/","title":{"rendered":"Trag\u00e9dia: Um morto e dois feridos em grave acidente na BR-101, em S\u00e3o Gon\u00e7alo"},"content":{"rendered":"\n<p>O acidente aconteceu por volta das 5h desta ter\u00e7a-feira 3\/12<\/p>\n\n\n\n<p>Uma pessoa morreu e outras duas ficaram feridas em uma colis\u00e3o envolvendo um carro e um caminh\u00e3o, na BR-101, altura do bairro Boa Vista, em S\u00e3o Gon\u00e7alo, na manh\u00e3 desta ter\u00e7a-feira (3). O acidente tamb\u00e9m interditou uma faixa da rodovia, causando congestionamento na regi\u00e3o.<\/p>\n\n\n\n<figure class=\"wp-block-video\"><video height=\"850\" style=\"aspect-ratio: 478 \/ 850;\" width=\"478\" controls src=\"https:\/\/sgvaimudar.com.br\/wp-content\/uploads\/2024\/12\/WhatsApp-Video-2024-12-03-at-09.21.13.mp4\"><\/video><\/figure>\n\n\n\n<p>A concession\u00e1ria Arteris Fluminense disse que foi acionada por volta das 5h para atender a uma colis\u00e3o traseira envolvendo um autom\u00f3vel e um caminh\u00e3o, altura do\u00a0km 314, na pista sentido Itabora\u00ed.<\/p>\n\n\n\n<p>Na BR a equipe encontrou tr\u00eas v\u00edtimas: duas ilesas no caminh\u00e3o e um homem em \u00f3bito no autom\u00f3vel. Ainda n\u00e3o h\u00e1 informa\u00e7\u00f5es sobre a identidade das v\u00edtimas. Procurado, o Corpo de Bombeiros informou que n\u00e3o foi acionado para o acidente. Uma per\u00edcia t\u00e9cnica foi feita no local do acidente.<\/p>\n\n\n\n<p><strong><em><sup>S\u00e3o Gon\u00e7alo Vai Mudar. O Maior Portal da Cidade.<\/sup><\/em><\/strong><\/p>\n\n\n\n<figure class=\"wp-block-image size-full\"><img decoding=\"async\" width=\"317\" height=\"111\" src=\"https:\/\/sgvaimudar.com.br\/wp-content\/uploads\/2023\/08\/Logo-Provisoria-2-2.png\" alt=\"\" class=\"wp-image-2781\" srcset=\"https:\/\/sgvaimudar.com.br\/wp-content\/uploads\/2023\/08\/Logo-Provisoria-2-2.png 317w, https:\/\/sgvaimudar.com.br\/wp-content\/uploads\/2023\/08\/Logo-Provisoria-2-2-300x105.png 300w\" sizes=\"(max-width: 317px) 100vw, 317px\" \/><\/figure>\n","protected":false},"excerpt":{"rendered":"<p>O acidente aconteceu por volta das 5h desta ter\u00e7a-feira 3\/12 Uma pessoa morreu e outras duas ficaram feridas em uma&hellip;<\/p>\n","protected":false},"author":5,"featured_media":16371,"comment_status":"open","ping_status":"open","sticky":false,"template":"","format":"standard","meta":{"fifu_image_url":"","fifu_image_alt":"","footnotes":""},"categories":[32],"tags":[],"class_list":["post-16369","post","type-post","status-publish","format-standard","has-post-thumbnail","hentry","category-casos-de-policia"],"_links":{"self":[{"href":"https:\/\/sgvaimudar.com.br\/index.php\/wp-json\/wp\/v2\/posts\/16369","targetHints":{"allow":["GET"]}}],"collection":[{"href":"https:\/\/sgvaimudar.com.br\/index.php\/wp-json\/wp\/v2\/posts"}],"about":[{"href":"https:\/\/sgvaimudar.com.br\/index.php\/wp-json\/wp\/v2\/types\/post"}],"author":[{"embeddable":true,"href":"https:\/\/sgvaimudar.com.br\/index.php\/wp-json\/wp\/v2\/users\/5"}],"replies":[{"embeddable":true,"href":"https:\/\/sgvaimudar.com.br\/index.php\/wp-json\/wp\/v2\/comments?post=16369"}],"version-history":[{"count":1,"href":"https:\/\/sgvaimudar.com.br\/index.php\/wp-json\/wp\/v2\/posts\/16369\/revisions"}],"predecessor-version":[{"id":16372,"href":"https:\/\/sgvaimudar.com.br\/index.php\/wp-json\/wp\/v2\/posts\/16369\/revisions\/16372"}],"wp:featuredmedia":[{"embeddable":true,"href":"https:\/\/sgvaimudar.com.br\/index.php\/wp-json\/wp\/v2\/media\/16371"}],"wp:attachment":[{"href":"https:\/\/sgvaimudar.com.br\/index.php\/wp-json\/wp\/v2\/media?parent=16369"}],"wp:term":[{"taxonomy":"category","embeddable":true,"href":"https:\/\/sgvaimudar.com.br\/index.php\/wp-json\/wp\/v2\/categories?post=16369"},{"taxonomy":"post_tag","embeddable":true,"href":"https:\/\/sgvaimudar.com.br\/index.php\/wp-json\/wp\/v2\/tags?post=16369"}],"curies":[{"name":"wp","href":"https:\/\/api.w.org\/{rel}","templated":true}]}}