{"id":16365,"date":"2024-12-03T10:01:00","date_gmt":"2024-12-03T13:01:00","guid":{"rendered":"https:\/\/sgvaimudar.com.br\/?p=16365"},"modified":"2024-12-03T09:16:50","modified_gmt":"2024-12-03T12:16:50","slug":"restaurante-do-povo-de-alcantara-celebra-dois-anos-de-funcionamento","status":"publish","type":"post","link":"https:\/\/sgvaimudar.com.br\/index.php\/2024\/12\/03\/restaurante-do-povo-de-alcantara-celebra-dois-anos-de-funcionamento\/","title":{"rendered":"Restaurante do Povo de Alc\u00e2ntara celebra dois anos de funcionamento"},"content":{"rendered":"\n<p><em>Neste per\u00edodo J\u00e1 foram servidas 1.282.192 refei\u00e7\u00f5es no local<\/em><\/p>\n\n\n\n<p>O Restaurante do Povo de S\u00e3o Gon\u00e7alo celebrou, neste domingo (1), dois anos de funcionamento. Em virtude disso, a tarde desta segunda-feira (2) foi de festa no local. Com bolas azuis e brancas e luzes pisca-pisca, a festa contou com a presen\u00e7a dos mais fi\u00e9is gon\u00e7alenses que almo\u00e7am diariamente no restaurante e os funcion\u00e1rios, al\u00e9m do vice-prefeito S\u00e9rgio Gev\u00fa e do secret\u00e1rio de Assist\u00eancia Social, Felippe Mattos Monteiro. Nesses dois anos, ao todo, j\u00e1 foram servidas 1.282.192 refei\u00e7\u00f5es, incluindo caf\u00e9 da manh\u00e3 e almo\u00e7o.<\/p>\n\n\n\n<figure class=\"wp-block-image size-full\"><img fetchpriority=\"high\" decoding=\"async\" width=\"1024\" height=\"683\" src=\"https:\/\/sgvaimudar.com.br\/wp-content\/uploads\/2024\/12\/unnamed-5.jpg\" alt=\"\" class=\"wp-image-16366\" srcset=\"https:\/\/sgvaimudar.com.br\/wp-content\/uploads\/2024\/12\/unnamed-5.jpg 1024w, https:\/\/sgvaimudar.com.br\/wp-content\/uploads\/2024\/12\/unnamed-5-300x200.jpg 300w, https:\/\/sgvaimudar.com.br\/wp-content\/uploads\/2024\/12\/unnamed-5-768x512.jpg 768w\" sizes=\"(max-width: 1024px) 100vw, 1024px\" \/><\/figure>\n\n\n\n<p>O local, que \u00e9 fruto de uma parceria da Prefeitura de S\u00e3o Gon\u00e7alo com o Governo do Estado do Rio, atende a moradores de todo o munic\u00edpio, incluindo pessoas em situa\u00e7\u00e3o de vulnerabilidade social, com refei\u00e7\u00f5es a pre\u00e7os populares: caf\u00e9 da manh\u00e3 a R$ 0,50 e almo\u00e7o por R$ 1, em um local climatizado, com todo conforto e atendimento de qualidade.<\/p>\n\n\n\n<p>Nesta data especial, o card\u00e1pio inclu\u00eda arroz, feij\u00e3o, farofa festiva, cozido a brasileira, torta de peixe, acelga, beterraba ralada, com bombom de sobremesa e suco de goiaba. Al\u00e9m disso, o restaurante tamb\u00e9m garantiu um bolo de anivers\u00e1rio para festejar a data.<\/p>\n\n\n\n<p>O vice-prefeito S\u00e9rgio Gev\u00fa celebrou a data. &#8220;Sempre foi uma prioridade do governo Capit\u00e3o Nelson fornecer servi\u00e7os de qualidade para a popula\u00e7\u00e3o gon\u00e7alense e \u00e9 isso o que vem sendo entregue no Restaurante do Povo. Aqui, a popula\u00e7\u00e3o tem acesso a uma alimenta\u00e7\u00e3o digna a pre\u00e7os populares&#8221;, disse.<\/p>\n\n\n\n<p>Felippe Mattos Monteiro, secret\u00e1rio da Assist\u00eancia Social, tamb\u00e9m destacou o trabalho que vem sendo feito. &#8220;S\u00e3o dois anos de muito trabalho, fornecendo alimenta\u00e7\u00e3o di\u00e1ria para os gon\u00e7alenses. Podemos fornecer, em m\u00e9dia, 2 mil refei\u00e7\u00f5es de almo\u00e7o e mil de caf\u00e9 da manh\u00e3 por dia. \u00c9 um trabalho cont\u00ednuo para dar mais dignidade e alimenta\u00e7\u00e3o de qualidade para os gon\u00e7alenses&#8221;, afirmou.<\/p>\n\n\n\n<p>A escolha do local onde fica o Restaurante do Povo, feita pela Secretaria Municipal de Gest\u00e3o Integrada e Projetos Especiais (Semgipe), revitalizou n\u00e3o apenas a regi\u00e3o, mas garantiu a ocupa\u00e7\u00e3o de uma \u00e1rea que era considerada um verdadeiro \u201celefante branco\u201d. O restaurante funciona num pr\u00e9dio cuja constru\u00e7\u00e3o estava abandonada e deteriorada, mas foi totalmente remodelada para atender \u00e0s necessidades do novo empreendimento, que trouxe cidadania para milhares de pessoas.<\/p>\n\n\n\n<p>Com os dois anos do local, quem comemorou foram os gon\u00e7alenses. A artes\u00e3 Maria de F\u00e1tima de Oliveira, de 70 anos, almo\u00e7a no Restaurante do Povo desde a inaugura\u00e7\u00e3o. &#8220;Para mim, a comida aqui \u00e9 boa, gostosa. Eu moro sozinha, ent\u00e3o, para mim, \u00e9 melhor almo\u00e7ar aqui. Espero que o Restaurante dure muito tempo aqui ainda e d\u00ea muita sa\u00fade para os respons\u00e1veis e para o Capit\u00e3o Nelson&#8221;, afirmou a moradora do Alc\u00e2ntara.<\/p>\n\n\n\n<p>A aposentada Val\u00e9ria da Silva Gon\u00e7alves, de 77 anos, tamb\u00e9m almo\u00e7a no local com frequ\u00eancia. &#8220;Eu agrade\u00e7o muito ao Capit\u00e3o Nelson, que fez o que outros prefeitos n\u00e3o fizeram. Eu moro em Tribob\u00f3, mas fa\u00e7o gin\u00e1stica em turmas da Prefeitura e venho com as amigas almo\u00e7ar aqui. Teve um dia que eu vim almo\u00e7ar, por exemplo, e tinha feijoada e a comida \u00e9 sempre muito boa. Hoje mesmo, est\u00e1 uma del\u00edcia. Espero que o restaurante continue por muitos anos e novas unidades sejam abertas pelo munic\u00edpio&#8221;, disse.<\/p>\n\n\n\n<p>Olavo de Souza Silva, de 48 anos, trabalha em Itabora\u00ed, mas mora em Tribob\u00f3. Ele n\u00e3o perde nunca o almo\u00e7o no Restaurante do Povo. &#8220;\u00c9 um bom card\u00e1pio, comida gostosa. Dou parab\u00e9ns ao Restaurante pelo seu funcionamento nesses dois anos e espero que o servi\u00e7o continue com qualidade nos pr\u00f3ximos anos&#8221;, disse.<\/p>\n\n\n\n<p>O Restaurante do Povo funciona de 6h \u00e0s 15h, de segunda a sexta-feira, na Rua S\u00e3o Pedro de Alc\u00e2ntara s\/n (atr\u00e1s do P\u00e1tio Alc\u00e2ntara, na rua da Igreja S\u00e3o Pedro). O caf\u00e9 da manh\u00e3 \u00e9 servido das 6h \u00e0s 9h e o almo\u00e7o de 11h30 \u00e0s 15h.<\/p>\n\n\n\n<p><em>Fotos: Fabio Guimar\u00e3es<\/em><\/p>\n\n\n\n<p><em><sup><strong>S\u00e3o Gon\u00e7alo Vai Mudar. O Maior Portal da Cidade.<\/strong><\/sup><\/em><\/p>\n\n\n\n<figure class=\"wp-block-image size-full\"><img decoding=\"async\" width=\"317\" height=\"111\" src=\"https:\/\/sgvaimudar.com.br\/wp-content\/uploads\/2023\/08\/Logo-Provisoria-2-2.png\" alt=\"\" class=\"wp-image-2781\" srcset=\"https:\/\/sgvaimudar.com.br\/wp-content\/uploads\/2023\/08\/Logo-Provisoria-2-2.png 317w, https:\/\/sgvaimudar.com.br\/wp-content\/uploads\/2023\/08\/Logo-Provisoria-2-2-300x105.png 300w\" sizes=\"(max-width: 317px) 100vw, 317px\" \/><\/figure>\n","protected":false},"excerpt":{"rendered":"<p>Neste per\u00edodo J\u00e1 foram servidas 1.282.192 refei\u00e7\u00f5es no local O Restaurante do Povo de S\u00e3o Gon\u00e7alo celebrou, neste domingo (1),&hellip;<\/p>\n","protected":false},"author":5,"featured_media":16367,"comment_status":"open","ping_status":"open","sticky":false,"template":"","format":"standard","meta":{"fifu_image_url":"","fifu_image_alt":"","footnotes":""},"categories":[3],"tags":[],"class_list":["post-16365","post","type-post","status-publish","format-standard","has-post-thumbnail","hentry","category-sao-goncalo"],"_links":{"self":[{"href":"https:\/\/sgvaimudar.com.br\/index.php\/wp-json\/wp\/v2\/posts\/16365","targetHints":{"allow":["GET"]}}],"collection":[{"href":"https:\/\/sgvaimudar.com.br\/index.php\/wp-json\/wp\/v2\/posts"}],"about":[{"href":"https:\/\/sgvaimudar.com.br\/index.php\/wp-json\/wp\/v2\/types\/post"}],"author":[{"embeddable":true,"href":"https:\/\/sgvaimudar.com.br\/index.php\/wp-json\/wp\/v2\/users\/5"}],"replies":[{"embeddable":true,"href":"https:\/\/sgvaimudar.com.br\/index.php\/wp-json\/wp\/v2\/comments?post=16365"}],"version-history":[{"count":1,"href":"https:\/\/sgvaimudar.com.br\/index.php\/wp-json\/wp\/v2\/posts\/16365\/revisions"}],"predecessor-version":[{"id":16368,"href":"https:\/\/sgvaimudar.com.br\/index.php\/wp-json\/wp\/v2\/posts\/16365\/revisions\/16368"}],"wp:featuredmedia":[{"embeddable":true,"href":"https:\/\/sgvaimudar.com.br\/index.php\/wp-json\/wp\/v2\/media\/16367"}],"wp:attachment":[{"href":"https:\/\/sgvaimudar.com.br\/index.php\/wp-json\/wp\/v2\/media?parent=16365"}],"wp:term":[{"taxonomy":"category","embeddable":true,"href":"https:\/\/sgvaimudar.com.br\/index.php\/wp-json\/wp\/v2\/categories?post=16365"},{"taxonomy":"post_tag","embeddable":true,"href":"https:\/\/sgvaimudar.com.br\/index.php\/wp-json\/wp\/v2\/tags?post=16365"}],"curies":[{"name":"wp","href":"https:\/\/api.w.org\/{rel}","templated":true}]}}