{"id":16357,"date":"2024-12-03T08:59:37","date_gmt":"2024-12-03T11:59:37","guid":{"rendered":"https:\/\/sgvaimudar.com.br\/?p=16357"},"modified":"2024-12-03T09:02:46","modified_gmt":"2024-12-03T12:02:46","slug":"decoracao-natalina-na-praca-da-trindade-atrai-visitantes","status":"publish","type":"post","link":"https:\/\/sgvaimudar.com.br\/index.php\/2024\/12\/03\/decoracao-natalina-na-praca-da-trindade-atrai-visitantes\/","title":{"rendered":"Decora\u00e7\u00e3o natalina na Pra\u00e7a da Trindade atrai visitantes"},"content":{"rendered":"\n<p><em>Casinha do Papai Noel permaneceu no local no \u00faltimo domingo<\/em><\/p>\n\n\n\n<p>A Pra\u00e7a da Trindade, reuniu centenas de gon\u00e7alenses, que passaram pelo local, neste final de semana, para curtir a decora\u00e7\u00e3o natalina. O Natal na Pra\u00e7a, inaugurado na ultima sexta-feira, numa parceria entre a Prefeitura de S\u00e3o Gon\u00e7alo e o Sesc, fez a alegria da garotada, que teve a oportunidade \u00fanica de tirar uma foto na Casinha do Papai Noel, uma\u00a0iniciativa itinerante do Sesc.<\/p>\n\n\n\n<figure class=\"wp-block-image size-full\"><img fetchpriority=\"high\" decoding=\"async\" width=\"1024\" height=\"683\" src=\"https:\/\/sgvaimudar.com.br\/wp-content\/uploads\/2024\/12\/unnamed-3-2.jpg\" alt=\"\" class=\"wp-image-16359\" srcset=\"https:\/\/sgvaimudar.com.br\/wp-content\/uploads\/2024\/12\/unnamed-3-2.jpg 1024w, https:\/\/sgvaimudar.com.br\/wp-content\/uploads\/2024\/12\/unnamed-3-2-300x200.jpg 300w, https:\/\/sgvaimudar.com.br\/wp-content\/uploads\/2024\/12\/unnamed-3-2-768x512.jpg 768w\" sizes=\"(max-width: 1024px) 100vw, 1024px\" \/><\/figure>\n\n\n\n<p>O Natal da Pra\u00e7a foi oficialmente aberto na \u00faltima sexta-feira, com direito a show de m\u00e1gica e apresenta\u00e7\u00e3o da Orquestra Municipal de S\u00e3o Gon\u00e7alo, que antecederam a chegada do Papai Noel e a inaugura\u00e7\u00e3o da \u00e1rvore de Natal, de 23 metros. A pra\u00e7a tamb\u00e9m recebeu decora\u00e7\u00e3o instagram\u00e1vel e est\u00e1 atraindo os gon\u00e7alenses, que j\u00e1 entraram no clima natalino.<\/p>\n\n\n\n<figure class=\"wp-block-image size-full\"><img decoding=\"async\" width=\"683\" height=\"1024\" src=\"https:\/\/sgvaimudar.com.br\/wp-content\/uploads\/2024\/12\/unnamed-2-2.jpg\" alt=\"\" class=\"wp-image-16360\" srcset=\"https:\/\/sgvaimudar.com.br\/wp-content\/uploads\/2024\/12\/unnamed-2-2.jpg 683w, https:\/\/sgvaimudar.com.br\/wp-content\/uploads\/2024\/12\/unnamed-2-2-200x300.jpg 200w\" sizes=\"(max-width: 683px) 100vw, 683px\" \/><\/figure>\n\n\n\n<p>Este j\u00e1 \u00e9 o terceiro ano consecutivo da parceria entre a Prefeitura com o Sesc S\u00e3o Gon\u00e7alo, para garantir que uma ilumina\u00e7\u00e3o especial de Natal em \u00e1reas de lazer. Na Pra\u00e7a da Trindade, centenas de pessoas puderam aproveitar a decora\u00e7\u00e3o, que ser\u00e1 mantida at\u00e9 os primeiros dias de 2025.<\/p>\n\n\n\n<p>Maria de F\u00e1tima Gomes, de 53 anos, que mora em Nova Cidade, fez quest\u00e3o de levar os netos Ana Bela, de 5, e Jefferson, de 7, para aproveitar o clima de Natal. Ela soube que a Casinha de Papai Noel estaria na pra\u00e7a no \u00faltimo domingo, pelas redes sociais da Prefeitura, e logo chamou os netos para o passeio diferente. \u201cEles amaram conhecer o Papai Noel e ver a \u00e1rvore e os enfeites. Excelente iniciativa da Prefeitura e do Sesc para os gon\u00e7alenses\u201d, afirmou.<\/p>\n\n\n\n<p><em>Fotos: Fabio Guimar\u00e3es<\/em><\/p>\n\n\n\n<p><strong><em><sup>S\u00e3o Gon\u00e7alo Vai Mudar. O Maior Portal da Cidade.<\/sup><\/em><\/strong><\/p>\n\n\n\n<figure class=\"wp-block-image size-full\"><img decoding=\"async\" width=\"317\" height=\"111\" src=\"https:\/\/sgvaimudar.com.br\/wp-content\/uploads\/2023\/08\/Logo-Provisoria-2-2.png\" alt=\"\" class=\"wp-image-2781\" srcset=\"https:\/\/sgvaimudar.com.br\/wp-content\/uploads\/2023\/08\/Logo-Provisoria-2-2.png 317w, https:\/\/sgvaimudar.com.br\/wp-content\/uploads\/2023\/08\/Logo-Provisoria-2-2-300x105.png 300w\" sizes=\"(max-width: 317px) 100vw, 317px\" \/><\/figure>\n","protected":false},"excerpt":{"rendered":"<p>Casinha do Papai Noel permaneceu no local no \u00faltimo domingo A Pra\u00e7a da Trindade, reuniu centenas de gon\u00e7alenses, que passaram&hellip;<\/p>\n","protected":false},"author":5,"featured_media":16358,"comment_status":"open","ping_status":"open","sticky":false,"template":"","format":"standard","meta":{"fifu_image_url":"","fifu_image_alt":"","footnotes":""},"categories":[3],"tags":[],"class_list":["post-16357","post","type-post","status-publish","format-standard","has-post-thumbnail","hentry","category-sao-goncalo"],"_links":{"self":[{"href":"https:\/\/sgvaimudar.com.br\/index.php\/wp-json\/wp\/v2\/posts\/16357","targetHints":{"allow":["GET"]}}],"collection":[{"href":"https:\/\/sgvaimudar.com.br\/index.php\/wp-json\/wp\/v2\/posts"}],"about":[{"href":"https:\/\/sgvaimudar.com.br\/index.php\/wp-json\/wp\/v2\/types\/post"}],"author":[{"embeddable":true,"href":"https:\/\/sgvaimudar.com.br\/index.php\/wp-json\/wp\/v2\/users\/5"}],"replies":[{"embeddable":true,"href":"https:\/\/sgvaimudar.com.br\/index.php\/wp-json\/wp\/v2\/comments?post=16357"}],"version-history":[{"count":2,"href":"https:\/\/sgvaimudar.com.br\/index.php\/wp-json\/wp\/v2\/posts\/16357\/revisions"}],"predecessor-version":[{"id":16362,"href":"https:\/\/sgvaimudar.com.br\/index.php\/wp-json\/wp\/v2\/posts\/16357\/revisions\/16362"}],"wp:featuredmedia":[{"embeddable":true,"href":"https:\/\/sgvaimudar.com.br\/index.php\/wp-json\/wp\/v2\/media\/16358"}],"wp:attachment":[{"href":"https:\/\/sgvaimudar.com.br\/index.php\/wp-json\/wp\/v2\/media?parent=16357"}],"wp:term":[{"taxonomy":"category","embeddable":true,"href":"https:\/\/sgvaimudar.com.br\/index.php\/wp-json\/wp\/v2\/categories?post=16357"},{"taxonomy":"post_tag","embeddable":true,"href":"https:\/\/sgvaimudar.com.br\/index.php\/wp-json\/wp\/v2\/tags?post=16357"}],"curies":[{"name":"wp","href":"https:\/\/api.w.org\/{rel}","templated":true}]}}